{"id":954,"date":"2020-10-29T09:32:51","date_gmt":"2020-10-29T10:32:51","guid":{"rendered":"http:\/\/wecare.center\/?p=954"},"modified":"2020-10-29T09:32:53","modified_gmt":"2020-10-29T10:32:53","slug":"yali-rlc-africa-ocidental-programa-de-lideres-emergentes-2020-para-jovens-africanos","status":"publish","type":"post","link":"https:\/\/wecare.center\/en\/bolsas-e-fundos\/yali-rlc-africa-ocidental-programa-de-lideres-emergentes-2020-para-jovens-africanos\/","title":{"rendered":"YALI RLC West Africa Emerging Leaders Programme 2020 for Young Africans"},"content":{"rendered":"<p><em>The Yali Regional Leadership Centre, West Africa, invites applications for its Emerging Leaders Programme (Cohort 37).<\/em><\/p>\n\n\n\n<p><strong>Application deadline:&nbsp;<\/strong>29 November 2020<\/p>\n\n\n\n<p><strong>Eligible countries:<\/strong>&nbsp;Benin, Burkina Faso, the island nation of Cape Verde, Gambia, Ghana, Guinea, Guinea-Bissau, Ivory Coast, Liberia, Mali, Mauritania, Niger, Nigeria, the island of St Helena, Senegal, Sierra Leone, S\u00e3o Tom\u00e9 and Pr\u00edncipe and Togo.<\/p>\n\n\n\n<p><strong>Type:<\/strong>&nbsp;Training, Entrepreneurship<\/p>\n\n\n\n<p><strong>Selection criteria:<\/strong>&nbsp;Selection for participation in the yali West Africa Regional Leadership Centre will be carried out as an open competition based on merit. All eligible applications will be reviewed by a selection panel. The chosen semi-finalists will be interviewed prior to the final selection and an invitation to participate in the programme will be issued.<\/p>\n\n\n\n<p>The selection panels will use the following criteria to evaluate applications:<\/p>\n\n\n\n<ul class=\"wp-block-list\"><li>Leadership demonstrated in public service, business and entrepreneurship, or civic engagement.<\/li><li>Active involvement in public or community service, volunteering or mentoring.<\/li><li>The ability to work co-operatively in different groups and respect the opinions of others.<\/li><li>Strong social and communication skills.<\/li><li>An energetic and positive attitude.<\/li><li>A demonstrated knowledge, interest and professional experience in the selected sector\/track, and<\/li><li>A commitment to apply leadership skills and training to benefit their country and\/or community after the programme.<\/li><\/ul>\n\n\n\n<p>Applicants will not be discriminated against on the basis of race, ethnicity, colour, gender, religion, socio-economic status, disability, sexual orientation or gender identity.<\/p>\n\n\n\n<p><strong>Number of awards:<\/strong>&nbsp;Not specified<\/p>\n\n\n\n<p><strong>Premium amount:<\/strong><\/p>\n\n\n\n<ul class=\"wp-block-list\"><li>Business and Entrepreneurship: This track caters for the range of emerging or aspiring entrepreneurs who hope to take on leadership roles in the private sector or build their own ventures on the continent.<\/li><li>Civil Society Management: This track is aimed at those who are or aspire to be civically engaged and serve the public through non-governmental organisations, community organisations or volunteering.<\/li><li>Public Policy and Management: This track is tailored to those working or aspiring to work in any level of government (including elected positions), regional organisations such as the African Union or the West African Community, international organisations such as the United Nations or other public-minded organisations or think tanks.<\/li><\/ul>\n\n\n\n<p><strong>How to apply:\u00a0<\/strong><a href=\"http:\/\/yaliwestafrica.net\/rlc\/index.php\/registernowopen\/\" target=\"_blank\" rel=\"noreferrer noopener\">Sign up now<\/a><\/p>\n\n\n\n<p><a href=\"https:\/\/yaliwestafrica.net\/rlc\/\">https:\/\/yaliwestafrica.net\/rlc\/<\/a><\/p>","protected":false},"excerpt":{"rendered":"<p>O Yali Regional Leadership Center, \u00c1frica Ocidental, convida as inscri\u00e7\u00f5es para o seu Programa de L\u00edderes Emergentes (Coorte 37). Prazo de inscri\u00e7\u00e3o:&nbsp;29 de novembro de 2020 Pa\u00edses eleg\u00edveis:&nbsp;Benim, Burkina Faso, a na\u00e7\u00e3o insular de Cabo Verde, G\u00e2mbia, Gana, Guin\u00e9, Guin\u00e9-Bissau, Costa do Marfim, Lib\u00e9ria, Mali, Maurit\u00e2nia, N\u00edger, Nig\u00e9ria, a ilha de Santa Helena, Senegal, Serra [&hellip;]<\/p>","protected":false},"author":1,"featured_media":955,"comment_status":"closed","ping_status":"closed","sticky":false,"template":"","format":"standard","meta":{"_jetpack_memberships_contains_paid_content":false,"footnotes":""},"categories":[5],"tags":[15,41,82],"class_list":["post-954","post","type-post","status-publish","format-standard","has-post-thumbnail","hentry","category-bolsas-e-fundos","tag-juventude","tag-premio","tag-yali"],"jetpack_featured_media_url":"https:\/\/i0.wp.com\/wecare.center\/wp-content\/uploads\/2020\/10\/yali-logo.jpg?fit=409%2C484&ssl=1","jetpack_sharing_enabled":true,"_links":{"self":[{"href":"https:\/\/wecare.center\/en\/wp-json\/wp\/v2\/posts\/954","targetHints":{"allow":["GET"]}}],"collection":[{"href":"https:\/\/wecare.center\/en\/wp-json\/wp\/v2\/posts"}],"about":[{"href":"https:\/\/wecare.center\/en\/wp-json\/wp\/v2\/types\/post"}],"author":[{"embeddable":true,"href":"https:\/\/wecare.center\/en\/wp-json\/wp\/v2\/users\/1"}],"replies":[{"embeddable":true,"href":"https:\/\/wecare.center\/en\/wp-json\/wp\/v2\/comments?post=954"}],"version-history":[{"count":1,"href":"https:\/\/wecare.center\/en\/wp-json\/wp\/v2\/posts\/954\/revisions"}],"predecessor-version":[{"id":956,"href":"https:\/\/wecare.center\/en\/wp-json\/wp\/v2\/posts\/954\/revisions\/956"}],"wp:featuredmedia":[{"embeddable":true,"href":"https:\/\/wecare.center\/en\/wp-json\/wp\/v2\/media\/955"}],"wp:attachment":[{"href":"https:\/\/wecare.center\/en\/wp-json\/wp\/v2\/media?parent=954"}],"wp:term":[{"taxonomy":"category","embeddable":true,"href":"https:\/\/wecare.center\/en\/wp-json\/wp\/v2\/categories?post=954"},{"taxonomy":"post_tag","embeddable":true,"href":"https:\/\/wecare.center\/en\/wp-json\/wp\/v2\/tags?post=954"}],"curies":[{"name":"wp","href":"https:\/\/api.w.org\/{rel}","templated":true}]}}