{"id":879,"date":"2020-09-11T23:53:10","date_gmt":"2020-09-12T00:53:10","guid":{"rendered":"http:\/\/wecare.center\/?p=879"},"modified":"2020-09-11T23:53:12","modified_gmt":"2020-09-12T00:53:12","slug":"facebook-video-storytellers-africa-2020-para-criadores-de-conteudo-africanos","status":"publish","type":"post","link":"https:\/\/wecare.center\/en\/bolsas-e-fundos\/facebook-video-storytellers-africa-2020-para-criadores-de-conteudo-africanos\/","title":{"rendered":"Facebook Video Storytellers: Africa 2020 for African content creators"},"content":{"rendered":"<p><em>facebook Video Storytellers-Africa is a training programme run by the Facebook Journalism Project in partnership with the International Center for Journalists (ICFJ). The training is led by Hashtag Our Stories, a global network of mobile storytellers.<\/em><\/p>\n\n\n\n<p><strong>Application deadline:<\/strong>&nbsp;18th September 2020<\/p>\n\n\n\n<p><strong>Type:<\/strong>&nbsp;Training<\/p>\n\n\n\n<p><strong>Eligibility:<\/strong>&nbsp;The course is open to journalists, student journalists and other content creators from Africa.<\/p>\n\n\n\n<p><strong>Eligible countries:<\/strong>\u00a0African countries<\/p>\n\n\n\n<p><strong>Number of awards:<\/strong>&nbsp;Not specified<\/p>\n\n\n\n<p><strong>Premium amount:<\/strong>&nbsp;The six-week, self-directed course starts on 21 September. It will prepare participants to discover story ideas, as well as shoot, script, edit, upload and distribute high-quality videos using a mobile phone. Storytellers who successfully complete this interactive course can apply to take part in a mentoring programme and compete for prizes of US$ 1,500.<\/p>\n\n\n\n<p><strong>Duration of the Award:<\/strong>&nbsp;6 weeks<\/p>\n\n\n\n<p><strong>How to apply:<\/strong>\u00a0<a href=\"https:\/\/www.tfaforms.com\/4649058\">Sign up now<\/a>.<\/p>\n\n\n\n<p><a href=\"https:\/\/www.icfj.org\/our-work\/facebook-video-storytellers-africa\">https:\/\/www.icfj.org\/our-work\/facebook-video-storytellers-africa<\/a><\/p>","protected":false},"excerpt":{"rendered":"<p>facebook Video Storytellers-Africa \u00e9 um programa de treinamento do Facebook Journalism Project em parceria com o International Center for Journalists (ICFJ). O treinamento \u00e9 liderado pela Hashtag Our Stories, uma rede global de contadores de hist\u00f3rias m\u00f3veis. Prazo de inscri\u00e7\u00e3o:&nbsp;18 de setembro de 2020 Tipo:&nbsp;Treinamento Elegibilidade:&nbsp;O curso \u00e9 aberto a jornalistas, jornalistas estudantis e outros [&hellip;]<\/p>","protected":false},"author":1,"featured_media":880,"comment_status":"closed","ping_status":"closed","sticky":false,"template":"","format":"standard","meta":{"_jetpack_memberships_contains_paid_content":false,"footnotes":""},"categories":[5],"tags":[11,65,64,15,6],"class_list":["post-879","post","type-post","status-publish","format-standard","has-post-thumbnail","hentry","category-bolsas-e-fundos","tag-africa","tag-facebook","tag-jornalistas","tag-juventude","tag-treino"],"jetpack_featured_media_url":"https:\/\/i0.wp.com\/wecare.center\/wp-content\/uploads\/2020\/09\/fb-video-course.jpg?fit=1640%2C856&ssl=1","jetpack_sharing_enabled":true,"_links":{"self":[{"href":"https:\/\/wecare.center\/en\/wp-json\/wp\/v2\/posts\/879","targetHints":{"allow":["GET"]}}],"collection":[{"href":"https:\/\/wecare.center\/en\/wp-json\/wp\/v2\/posts"}],"about":[{"href":"https:\/\/wecare.center\/en\/wp-json\/wp\/v2\/types\/post"}],"author":[{"embeddable":true,"href":"https:\/\/wecare.center\/en\/wp-json\/wp\/v2\/users\/1"}],"replies":[{"embeddable":true,"href":"https:\/\/wecare.center\/en\/wp-json\/wp\/v2\/comments?post=879"}],"version-history":[{"count":1,"href":"https:\/\/wecare.center\/en\/wp-json\/wp\/v2\/posts\/879\/revisions"}],"predecessor-version":[{"id":881,"href":"https:\/\/wecare.center\/en\/wp-json\/wp\/v2\/posts\/879\/revisions\/881"}],"wp:featuredmedia":[{"embeddable":true,"href":"https:\/\/wecare.center\/en\/wp-json\/wp\/v2\/media\/880"}],"wp:attachment":[{"href":"https:\/\/wecare.center\/en\/wp-json\/wp\/v2\/media?parent=879"}],"wp:term":[{"taxonomy":"category","embeddable":true,"href":"https:\/\/wecare.center\/en\/wp-json\/wp\/v2\/categories?post=879"},{"taxonomy":"post_tag","embeddable":true,"href":"https:\/\/wecare.center\/en\/wp-json\/wp\/v2\/tags?post=879"}],"curies":[{"name":"wp","href":"https:\/\/api.w.org\/{rel}","templated":true}]}}