{"id":7823,"date":"2024-09-05T06:59:13","date_gmt":"2024-09-05T07:59:13","guid":{"rendered":"https:\/\/wecare.center\/?p=7823"},"modified":"2024-09-05T07:02:27","modified_gmt":"2024-09-05T08:02:27","slug":"profaj-prazo","status":"publish","type":"post","link":"https:\/\/wecare.center\/en\/bolsas-e-fundos\/profaj-prazo\/","title":{"rendered":"?????????? ? ????? ?? ??????????\u0327?\u0303? ?? ???????????? ???? ? ??????"},"content":{"rendered":"<p>The Institute of Sport and Youth informs that the application deadline has been extended until September 24th for the ???????? ?? ????????????? ?? ????????\u0327?\u0303?? ??????? \u2013 ??????.<\/p>\n\n\n\n<p>PROFAJ is an initiative that aims to foster the development of projects by youth associations and informal youth groups in various fields of activity (health and well-being; environment; creative, transformative and inclusive industries (music, art and culture); training; energy; social inclusion and digital inclusion, etc.), to produce relevant social impacts in the community where they will be developed, as a way to generate new solutions to current social challenges, in a logic that complements traditional responses.<\/p>\n\n\n\n<p>Take this opportunity to apply through the link.&nbsp;<a href=\"https:\/\/l.facebook.com\/l.php?u=https%3A%2F%2Fyouthconnekt.idj.cv%2Ffinanciamentoassociacao%3Ffbclid%3DIwZXh0bgNhZW0CMTAAAR05sDUlNDZ_QVG0DRI7wD_g0eIH3UGz64SalR7-uR0rutyZtMh8exZjaYk_aem_BV7fKxsJ-3E5I3csIszEqA&amp;h=AT2vV8Rrc2hPJXJCL-mDrdHVmDM_r9BdW3ip7ORnqwvTf233MeAOfg43ZD3C0YOY_4PoANPAh9ARTxV2IVoeo7WGOKGk-s0auyNEnekq2Y5ewsPMEkdNIk0Ris7VnGjMzg&amp;__tn__=-UK*F&amp;c[0]=AT0xMlfIJ2grmQDXNnpk66H4eJ6MKZ4qkZ7FzLO911FC1aZfYoqRKe1KFZb8kCwtLZxlW3R2sbMiVbNhkEE-o3beE7ym4voSsNSo8IT-BI0cGX2MCAOD7FGF1wlpPeKUrPoHAvMHyFCkahwD52_p10YHW3cY-GyWdxmDiv_PEoppCuhpULy55-jpeA81NN0IhjrnKukZsv5XR2HmJbw5v_EiyakDXzvLNI1y\" rel=\"noreferrer noopener\" target=\"_blank\">https:\/\/youthconnekt.idj.cv\/financiamentoassociacao&#8230;<\/a><\/p>\n\n\n\n<p>The program is promoted by the Government, through the Institute of Sport and Youth, with the support of UNDP, UNFPA, UNICEF Cabo Verde, within the framework of the YouthConnectCV Program.<\/p>","protected":false},"excerpt":{"rendered":"<p>O Instituto do Desporto e da Juventude informa que foi prorrogado o prazo da candidatura at\u00e9 o dia 24 de setembro, para o ???????? ?? ????????????? ?? ????????\u0327?\u0303?? ??????? \u2013 ??????. O PROFAJ \u00e9 uma iniciativa que visa fomentar o desenvolvimento de projetos das associa\u00e7\u00f5es juvenis e grupos informais de jovens nos diversos dom\u00ednios de [&hellip;]<\/p>","protected":false},"author":1,"featured_media":7824,"comment_status":"closed","ping_status":"closed","sticky":false,"template":"","format":"standard","meta":{"_jetpack_memberships_contains_paid_content":false,"footnotes":""},"categories":[5],"tags":[],"class_list":["post-7823","post","type-post","status-publish","format-standard","has-post-thumbnail","hentry","category-bolsas-e-fundos"],"jetpack_featured_media_url":"https:\/\/i0.wp.com\/wecare.center\/wp-content\/uploads\/2024\/09\/457866640_923735319794086_4661526905812090658_n.jpg?fit=1920%2C956&ssl=1","jetpack_sharing_enabled":true,"_links":{"self":[{"href":"https:\/\/wecare.center\/en\/wp-json\/wp\/v2\/posts\/7823","targetHints":{"allow":["GET"]}}],"collection":[{"href":"https:\/\/wecare.center\/en\/wp-json\/wp\/v2\/posts"}],"about":[{"href":"https:\/\/wecare.center\/en\/wp-json\/wp\/v2\/types\/post"}],"author":[{"embeddable":true,"href":"https:\/\/wecare.center\/en\/wp-json\/wp\/v2\/users\/1"}],"replies":[{"embeddable":true,"href":"https:\/\/wecare.center\/en\/wp-json\/wp\/v2\/comments?post=7823"}],"version-history":[{"count":1,"href":"https:\/\/wecare.center\/en\/wp-json\/wp\/v2\/posts\/7823\/revisions"}],"predecessor-version":[{"id":7825,"href":"https:\/\/wecare.center\/en\/wp-json\/wp\/v2\/posts\/7823\/revisions\/7825"}],"wp:featuredmedia":[{"embeddable":true,"href":"https:\/\/wecare.center\/en\/wp-json\/wp\/v2\/media\/7824"}],"wp:attachment":[{"href":"https:\/\/wecare.center\/en\/wp-json\/wp\/v2\/media?parent=7823"}],"wp:term":[{"taxonomy":"category","embeddable":true,"href":"https:\/\/wecare.center\/en\/wp-json\/wp\/v2\/categories?post=7823"},{"taxonomy":"post_tag","embeddable":true,"href":"https:\/\/wecare.center\/en\/wp-json\/wp\/v2\/tags?post=7823"}],"curies":[{"name":"wp","href":"https:\/\/api.w.org\/{rel}","templated":true}]}}