{"id":7702,"date":"2024-08-20T13:04:17","date_gmt":"2024-08-20T14:04:17","guid":{"rendered":"https:\/\/wecare.center\/?p=7702"},"modified":"2024-08-20T13:04:20","modified_gmt":"2024-08-20T14:04:20","slug":"semana-global-de-alfabetizacao-midiatica-e-informacional-da-unesco-youth-hackathon-2024","status":"publish","type":"post","link":"https:\/\/wecare.center\/en\/bolsas-e-fundos\/semana-global-de-alfabetizacao-midiatica-e-informacional-da-unesco-youth-hackathon-2024\/","title":{"rendered":"UNESCO Global Media and Information Literacy Week Youth Hackathon 2024"},"content":{"rendered":"<p><strong>Deadline: 26 August 2024<\/strong><\/p>\n\n\n\n<p>Applications are now open for the&nbsp;<a href=\"https:\/\/opportunitydesk.org\/?p=153685\">Youth Hackathon 2024 of UNESCO's Global Media and Information Literacy Week<\/a>&nbsp;. The Youth Hackathon, an integral component of AMI Global Week, offers a global stage for youth participation and involvement, with the aim of harnessing innovation and youth-led initiatives to respond to the theme of the Week, in particular the growing role of digital content creators and influencers in the information landscape; and the challenges posed by artificial intelligence.&nbsp;<\/p>\n\n\n\n<p>The winning teams will be invited to Amman, Jordan, on 30 and 31 October to present their projects during the closing ceremony of the Global MIL Week Feature Conference.Theme: Young people at the forefront - Media and information literacy and the new digital frontiers of information<\/p>\n\n\n\n<p><strong>Tasks and Challenges<\/strong><\/p>\n\n\n\n<p>Participants will focus on one of the following topics to design innovative solutions and outline their proposals:<\/p>\n\n\n\n<ul class=\"wp-block-list\">\n<li>Empowering young people to become active participants in shaping the digital spaces they inhabit, finding ways to promote information of public interest rather than passive consumers of information.\u00a0<\/li>\n\n\n\n<li>Explore innovative solutions to meet the challenges posed by Artificial Intelligence.<\/li>\n\n\n\n<li>Explore responsive and effective approaches to media and information literacy education and empowerment through peer education and food education.<\/li>\n\n\n\n<li>Activating Youth Organisations to be agents of change through collaboration with digital content creators.<\/li>\n<\/ul>\n\n\n\n<p><strong>Solution categories<\/strong>Games<\/p>\n\n\n\n<p>Applications\/websites<\/p>\n\n\n\n<p>Radio programmes\/Podcasts<\/p>\n\n\n\n<p>Educational toolkits<\/p>\n\n\n\n<p>Creative community-based interventions (not focused on technology)<\/p>\n\n\n\n<p>Other creative modalities for innovative interventions<\/p>\n\n\n\n<p><strong>Eligibility<\/strong><\/p>\n\n\n\n<ul class=\"wp-block-list\">\n<li>Teams will be made up of 3-6 members (ensuring gender parity, teams can be national, regional or international).<\/li>\n\n\n\n<li>Members must be between the ages of 18 and 30 and adhere to UNESCO values such as peace, respect for diversity and freedom of expression.<\/li>\n\n\n\n<li>No previous experience necessary.<\/li>\n<\/ul>\n\n\n\n<p><strong>Application<\/strong><\/p>\n\n\n\n<p>Each submission must include a document presenting the solution and a 3-minute video (a creative format is highly recommended). They should include:<\/p>\n\n\n\n<ul class=\"wp-block-list\">\n<li>The composition of the team<\/li>\n\n\n\n<li>Problem statement, objectives, audience and alignment with this year's challenges<\/li>\n\n\n\n<li>Explanation of the prototype<\/li>\n\n\n\n<li>Viability<\/li>\n\n\n\n<li>Sustainability<\/li>\n\n\n\n<li>Creativity<\/li>\n\n\n\n<li>Implementation strategies\/Business model and evidence of market validation<\/li>\n<\/ul>\n\n\n\n<p><strong><a href=\"https:\/\/indico.un.org\/event\/1012666\/registrations\/16430\/\" target=\"_blank\" rel=\"noreferrer noopener\">Click here to register<\/a><\/strong><\/p>","protected":false},"excerpt":{"rendered":"<p>Prazo: 26 de agosto de 2024 Est\u00e3o abertas as inscri\u00e7\u00f5es para o&nbsp;Youth Hackathon 2024 da Semana Global de Alfabetiza\u00e7\u00e3o em M\u00eddia e Informa\u00e7\u00e3o da UNESCO&nbsp;. O Youth Hackathon, um componente integrante da Semana Global da AMI, oferece um palco global para a participa\u00e7\u00e3o e o envolvimento dos jovens, com o objetivo de aproveitar a inova\u00e7\u00e3o [&hellip;]<\/p>","protected":false},"author":1,"featured_media":7703,"comment_status":"closed","ping_status":"closed","sticky":false,"template":"","format":"standard","meta":{"_jetpack_memberships_contains_paid_content":false,"footnotes":""},"categories":[5],"tags":[],"class_list":["post-7702","post","type-post","status-publish","format-standard","has-post-thumbnail","hentry","category-bolsas-e-fundos"],"jetpack_featured_media_url":"https:\/\/i0.wp.com\/wecare.center\/wp-content\/uploads\/2024\/08\/UNESCO-Global-Media-Information-Literacy-Week-Youth-Hackathon-2024-768x570-1.jpg?fit=768%2C570&ssl=1","jetpack_sharing_enabled":true,"_links":{"self":[{"href":"https:\/\/wecare.center\/en\/wp-json\/wp\/v2\/posts\/7702","targetHints":{"allow":["GET"]}}],"collection":[{"href":"https:\/\/wecare.center\/en\/wp-json\/wp\/v2\/posts"}],"about":[{"href":"https:\/\/wecare.center\/en\/wp-json\/wp\/v2\/types\/post"}],"author":[{"embeddable":true,"href":"https:\/\/wecare.center\/en\/wp-json\/wp\/v2\/users\/1"}],"replies":[{"embeddable":true,"href":"https:\/\/wecare.center\/en\/wp-json\/wp\/v2\/comments?post=7702"}],"version-history":[{"count":1,"href":"https:\/\/wecare.center\/en\/wp-json\/wp\/v2\/posts\/7702\/revisions"}],"predecessor-version":[{"id":7704,"href":"https:\/\/wecare.center\/en\/wp-json\/wp\/v2\/posts\/7702\/revisions\/7704"}],"wp:featuredmedia":[{"embeddable":true,"href":"https:\/\/wecare.center\/en\/wp-json\/wp\/v2\/media\/7703"}],"wp:attachment":[{"href":"https:\/\/wecare.center\/en\/wp-json\/wp\/v2\/media?parent=7702"}],"wp:term":[{"taxonomy":"category","embeddable":true,"href":"https:\/\/wecare.center\/en\/wp-json\/wp\/v2\/categories?post=7702"},{"taxonomy":"post_tag","embeddable":true,"href":"https:\/\/wecare.center\/en\/wp-json\/wp\/v2\/tags?post=7702"}],"curies":[{"name":"wp","href":"https:\/\/api.w.org\/{rel}","templated":true}]}}