{"id":7636,"date":"2024-08-19T11:40:25","date_gmt":"2024-08-19T12:40:25","guid":{"rendered":"https:\/\/wecare.center\/?p=7636"},"modified":"2024-08-19T11:40:28","modified_gmt":"2024-08-19T12:40:28","slug":"expanda-seu-conhecimento-com-a-academia-de-clima-e-resiliencia-da-care-cursos-individuais-gratuitos-disponiveis","status":"publish","type":"post","link":"https:\/\/wecare.center\/en\/bolsas-e-fundos\/expanda-seu-conhecimento-com-a-academia-de-clima-e-resiliencia-da-care-cursos-individuais-gratuitos-disponiveis\/","title":{"rendered":"Expand your knowledge with CARE's Climate and Resilience Academy (free individual courses available)"},"content":{"rendered":"<p>Whether you're part of CARE, one of its partners or any organisation dedicated to climate change and resilience, CARE's Climate and Resilience Academy is here to deepen your understanding of climate issues and enhance your skills. The platform offers a range of learning resources, based on 20 years of experience in resilience, community-based adaptation and climate advocacy.<\/p>\n\n\n\n<h3 class=\"wp-block-heading\">Overview of learning resources<\/h3>\n\n\n\n<p><strong>1. Individualised courses (free of charge)<\/strong>&nbsp;The individualised courses are available 24 hours a day, 7 days a week, offering flexible learning opportunities for everyone. TWO new online courses include:<\/p>\n\n\n\n<ul class=\"wp-block-list\">\n<li><strong>Monitoring, Evaluation and Learning (MEL) for Climate Adaptation #1<\/strong>\n<ul class=\"wp-block-list\">\n<li><strong>Duration<\/strong>\u00a0: 1-2 hours<\/li>\n\n\n\n<li><strong>Description<\/strong>\u00a0: This introductory course is designed to empower climate adaptation advocates. It provides a basic understanding of MEL principles, including how to design and apply MEL systems.<\/li>\n<\/ul>\n<\/li>\n\n\n\n<li><strong>Monitoring, Evaluation and Learning (MEL) for Climate Adaptation #2<\/strong>\n<ul class=\"wp-block-list\">\n<li><strong>Duration<\/strong>\u00a0: 1-2 hours<\/li>\n\n\n\n<li><strong>Description<\/strong>\u00a0This course focuses on the application of MEL throughout the life cycle of a climate adaptation project, from initial conception to project closure.<\/li>\n<\/ul>\n<\/li>\n<\/ul>\n\n\n\n<p><strong>2. Learning Days<\/strong>&nbsp;Subscription-based Learning Journeys offer a comprehensive training experience. These interactive online trainings combine courses, peer exchanges and coaching to support your growth in relation to climate change and resilience.<\/p>\n\n\n\n<p><strong>3. Instructor packages<\/strong>\u00a0Designed for trainers and facilitators, the Trainer Packs include editable training materials and facilitation tips on resilience and climate change. These resources are tailored to support effective teaching and learning.<strong>4. Personalised training<\/strong>&nbsp;Personalised training solutions are tailored to your unique needs, local context and specific training objectives. These personalised sessions ensure that you receive the most relevant and effective training for your situation.<\/p>\n\n\n\n<p>CARE's mission is to provide the tools and knowledge needed to tackle the complexities of climate change. Tap into resources today and build a more resilient future.<\/p>\n\n\n\n<p>For more information and to access our learning resources, visit the&nbsp;<a href=\"https:\/\/careclimatechange.org\/academy\/online-courses\" target=\"_blank\" rel=\"noreferrer noopener\">CARE Climate and Resilience Academy<\/a>&nbsp;.<\/p>","protected":false},"excerpt":{"rendered":"<p>Quer voc\u00ea fa\u00e7a parte da CARE, de um dos parceiros ou de qualquer organiza\u00e7\u00e3o dedicada \u00e0s mudan\u00e7as clim\u00e1ticas e \u00e0 resili\u00eancia, a Academia de Clima e Resili\u00eancia da CARE est\u00e1 aqui para aprofundar sua compreens\u00e3o das quest\u00f5es clim\u00e1ticas e aprimorar suas habilidades. A plataforma oferece uma gama de recursos de aprendizagem, baseados em 20 anos [&hellip;]<\/p>","protected":false},"author":1,"featured_media":7637,"comment_status":"closed","ping_status":"closed","sticky":false,"template":"","format":"standard","meta":{"_jetpack_memberships_contains_paid_content":false,"footnotes":""},"categories":[5],"tags":[],"class_list":["post-7636","post","type-post","status-publish","format-standard","has-post-thumbnail","hentry","category-bolsas-e-fundos"],"jetpack_featured_media_url":"https:\/\/i0.wp.com\/wecare.center\/wp-content\/uploads\/2024\/08\/16th-aug_care.jpg?fit=800%2C450&ssl=1","jetpack_sharing_enabled":true,"_links":{"self":[{"href":"https:\/\/wecare.center\/en\/wp-json\/wp\/v2\/posts\/7636","targetHints":{"allow":["GET"]}}],"collection":[{"href":"https:\/\/wecare.center\/en\/wp-json\/wp\/v2\/posts"}],"about":[{"href":"https:\/\/wecare.center\/en\/wp-json\/wp\/v2\/types\/post"}],"author":[{"embeddable":true,"href":"https:\/\/wecare.center\/en\/wp-json\/wp\/v2\/users\/1"}],"replies":[{"embeddable":true,"href":"https:\/\/wecare.center\/en\/wp-json\/wp\/v2\/comments?post=7636"}],"version-history":[{"count":1,"href":"https:\/\/wecare.center\/en\/wp-json\/wp\/v2\/posts\/7636\/revisions"}],"predecessor-version":[{"id":7638,"href":"https:\/\/wecare.center\/en\/wp-json\/wp\/v2\/posts\/7636\/revisions\/7638"}],"wp:featuredmedia":[{"embeddable":true,"href":"https:\/\/wecare.center\/en\/wp-json\/wp\/v2\/media\/7637"}],"wp:attachment":[{"href":"https:\/\/wecare.center\/en\/wp-json\/wp\/v2\/media?parent=7636"}],"wp:term":[{"taxonomy":"category","embeddable":true,"href":"https:\/\/wecare.center\/en\/wp-json\/wp\/v2\/categories?post=7636"},{"taxonomy":"post_tag","embeddable":true,"href":"https:\/\/wecare.center\/en\/wp-json\/wp\/v2\/tags?post=7636"}],"curies":[{"name":"wp","href":"https:\/\/api.w.org\/{rel}","templated":true}]}}