{"id":7513,"date":"2024-08-13T11:42:33","date_gmt":"2024-08-13T12:42:33","guid":{"rendered":"https:\/\/wecare.center\/?p=7513"},"modified":"2024-08-13T11:45:22","modified_gmt":"2024-08-13T12:45:22","slug":"convite-a-apresentacao-de-candidaturas-melhores-praticas-em-educacao-e-formacao-tecnica-e-profissional-inclusiva-tvet-em-toda-a-africa","status":"publish","type":"post","link":"https:\/\/wecare.center\/en\/bolsas-e-fundos\/convite-a-apresentacao-de-candidaturas-melhores-praticas-em-educacao-e-formacao-tecnica-e-profissional-inclusiva-tvet-em-toda-a-africa\/","title":{"rendered":"Call for applications: Best practices in inclusive technical and vocational education and training (TVET) across Africa"},"content":{"rendered":"<h4 class=\"wp-block-heading\">Overview<\/h4>\n\n\n\n<p>The African Union Commission and the African Union Development Agency (AUDA-NEPAD) are looking for outstanding organisations that promote the&nbsp;<a href=\"https:\/\/opportunitiesforyouth.org\/2024\/08\/11\/call-for-entries-best-practices-in-inclusive-technical-and-vocational-education-and-training-tvet-across-africa\/#\">&nbsp;education<\/a>&nbsp;and equitable and inclusive technical and vocational training (TVET) across Africa. If your programmes focus on providing equal access to TVET for women, girls, marginalised communities or people with disabilities, this is your chance to shine!<\/p>\n\n\n\n<h4 class=\"wp-block-heading\">Competition dates<\/h4>\n\n\n\n<ul class=\"wp-block-list\">\n<li><strong>End date:<\/strong>\u00a030th August 2024 (23h59 GMT+3)<\/li>\n\n\n\n<li><strong>Early registration encouraged<\/strong><\/li>\n<\/ul>\n\n\n\n<h4 class=\"wp-block-heading\">Aim of the Competition<\/h4>\n\n\n\n<p>This competition aims to identify and celebrate innovative practices that improve equity and inclusion in TVET. The selected practices will contribute to a comprehensive digital toolbox hosted on the ASPYEE (African Skills Portal for Youth Employment and Entrepreneurship), aligning with the African Union's theme for 2024: \"Educating an African fit for the 21st century - Building systems that are fit for the 21st century\".&nbsp;<em><a href=\"https:\/\/opportunitiesforyouth.org\/2024\/08\/11\/call-for-entries-best-practices-in-inclusive-technical-and-vocational-education-and-training-tvet-across-africa\/#\">educational<\/a><\/em><em>&nbsp;resilient for greater access to inclusive, lifelong, quality and relevant learning in Africa.\"<a href=\"https:\/\/opportunitiesforyouth.org\/2024\/08\/11\/call-for-entries-best-practices-in-inclusive-technical-and-vocational-education-and-training-tvet-across-africa\/#\">&nbsp;<\/a><\/em><\/p>\n\n\n\n<p>The Toolbox will present a diverse range of successful methods to support the implementation of inclusive TVET policies and strategies, helping AU Member States in their efforts to integrate marginalised groups and review the Continental TVET Strategy.<\/p>\n\n\n\n<h4 class=\"wp-block-heading\">Shipping process<\/h4>\n\n\n\n<ol class=\"wp-block-list\">\n<li><strong>Read the Call Document<\/strong>\u00a0: Understand the\u00a0<a href=\"https:\/\/www.aspyee.org\/sites\/default\/files\/2024-07\/Call%20out%20Document%202%20%281%29.pdf\" target=\"_blank\" rel=\"noreferrer noopener\">criteria for submissions<\/a>\u00a0.<\/li>\n\n\n\n<li><strong>Fill in the Application Form<\/strong>\u00a0:\u00a0<a href=\"https:\/\/flowcommunications.formstack.com\/forms\/sefa_call_for_good_practices\" target=\"_blank\" rel=\"noreferrer noopener\">Send your application here<\/a>\u00a0.<\/li>\n\n\n\n<li><strong>Language options<\/strong>\u00a0: Entries accepted in English, French or Portuguese.<\/li>\n\n\n\n<li><strong>Deadline<\/strong>\u00a0Registration ends on 30 August 2024 at 23:59 GMT+3.<\/li>\n<\/ol>\n\n\n\n<h4 class=\"wp-block-heading\">Prizes<\/h4>\n\n\n\n<ul class=\"wp-block-list\">\n<li><strong>Three main organisations<\/strong>\u00a0: Each will receive an all-expenses-paid trip for two representatives on the\u00a0<a href=\"https:\/\/www.skillsweek-au.org\/\" target=\"_blank\" rel=\"noreferrer noopener\">Africa Skills Week<\/a>\u00a02024 in Accra, Ghana (*14-18 October 2024). The prize includes travel, accommodation and meals.\u00a0<em>*Where necessary, the travel costs of the personal assistants of people with disabilities will be covered, in addition to the costs of the two nominated representatives from each of the three organisations with the highest scores.<\/em><\/li>\n<\/ul>\n\n\n\n<h4 class=\"wp-block-heading\">About Africa Skills Week 2024<\/h4>\n\n\n\n<p>Organised by the government of Ghana and the African Union,\u00a0<a href=\"https:\/\/www.skillsweek-au.org\/\" target=\"_blank\" rel=\"noreferrer noopener\">Africa Skills Week<\/a>\u00a02024 is centred on\u00a0<em>\"Creating jobs for the 21st century: Unlocking the transformative potential of skills development for sustainable employability\".<\/em>\u00a0The event will feature a youth pavilion, study visits, panel discussions, networking opportunities and the Expo\u00a0<a href=\"https:\/\/opportunitiesforyouth.org\/2024\/08\/11\/call-for-entries-best-practices-in-inclusive-technical-and-vocational-education-and-training-tvet-across-africa\/#\">\u00a0Education<\/a>\u00a0Innovative in Africa.<\/p>\n\n\n\n<p>For more information, please contact us:&nbsp;<a href=\"mailto:aspyee@nepad.org\" target=\"_blank\" rel=\"noreferrer noopener\">aspyee@nepad.org<\/a><\/p>\n\n\n\n<p>Visit&nbsp;<a href=\"https:\/\/www.aspyee.org\/event\/innovative-approaches-implementing-equitable-and-inclusive-tvet\" target=\"_blank\" rel=\"noreferrer noopener\">website<\/a>&nbsp;.<\/p>","protected":false},"excerpt":{"rendered":"<p>Vis\u00e3o geral A Comiss\u00e3o da Uni\u00e3o Africana e a Ag\u00eancia de Desenvolvimento da Uni\u00e3o Africana (AUDA-NEPAD) est\u00e3o \u00e0 procura de organiza\u00e7\u00f5es not\u00e1veis \u200b\u200bque promovam a&nbsp;&nbsp;educa\u00e7\u00e3o&nbsp;e forma\u00e7\u00e3o t\u00e9cnica e profissional (TVET) equitativa e inclusiva em toda a \u00c1frica. Se os seus programas se concentram em proporcionar acesso igualit\u00e1rio \u00e0 TVET para mulheres, meninas, comunidades marginalizadas ou [&hellip;]<\/p>","protected":false},"author":1,"featured_media":7516,"comment_status":"closed","ping_status":"closed","sticky":false,"template":"","format":"standard","meta":{"_jetpack_memberships_contains_paid_content":false,"footnotes":""},"categories":[5],"tags":[],"class_list":["post-7513","post","type-post","status-publish","format-standard","has-post-thumbnail","hentry","category-bolsas-e-fundos"],"jetpack_featured_media_url":"https:\/\/i0.wp.com\/wecare.center\/wp-content\/uploads\/2024\/08\/Formato-Site-10.jpg?fit=1513%2C386&ssl=1","jetpack_sharing_enabled":true,"_links":{"self":[{"href":"https:\/\/wecare.center\/en\/wp-json\/wp\/v2\/posts\/7513","targetHints":{"allow":["GET"]}}],"collection":[{"href":"https:\/\/wecare.center\/en\/wp-json\/wp\/v2\/posts"}],"about":[{"href":"https:\/\/wecare.center\/en\/wp-json\/wp\/v2\/types\/post"}],"author":[{"embeddable":true,"href":"https:\/\/wecare.center\/en\/wp-json\/wp\/v2\/users\/1"}],"replies":[{"embeddable":true,"href":"https:\/\/wecare.center\/en\/wp-json\/wp\/v2\/comments?post=7513"}],"version-history":[{"count":1,"href":"https:\/\/wecare.center\/en\/wp-json\/wp\/v2\/posts\/7513\/revisions"}],"predecessor-version":[{"id":7515,"href":"https:\/\/wecare.center\/en\/wp-json\/wp\/v2\/posts\/7513\/revisions\/7515"}],"wp:featuredmedia":[{"embeddable":true,"href":"https:\/\/wecare.center\/en\/wp-json\/wp\/v2\/media\/7516"}],"wp:attachment":[{"href":"https:\/\/wecare.center\/en\/wp-json\/wp\/v2\/media?parent=7513"}],"wp:term":[{"taxonomy":"category","embeddable":true,"href":"https:\/\/wecare.center\/en\/wp-json\/wp\/v2\/categories?post=7513"},{"taxonomy":"post_tag","embeddable":true,"href":"https:\/\/wecare.center\/en\/wp-json\/wp\/v2\/tags?post=7513"}],"curies":[{"name":"wp","href":"https:\/\/api.w.org\/{rel}","templated":true}]}}