{"id":3703,"date":"2023-05-25T09:26:34","date_gmt":"2023-05-25T10:26:34","guid":{"rendered":"https:\/\/wecare.center\/?p=3703"},"modified":"2023-05-25T09:26:35","modified_gmt":"2023-05-25T10:26:35","slug":"programa-de-lideres-emergentes-dos-dialogos-do-atlantico","status":"publish","type":"post","link":"https:\/\/wecare.center\/en\/bolsas-e-fundos\/programa-de-lideres-emergentes-dos-dialogos-do-atlantico\/","title":{"rendered":"Atlantic Dialogues Emerging Leaders Programme"},"content":{"rendered":"<p>The Policy Centre for the New South (PCNS) is organising the 12th edition of the Atlantic Dialogues Conference, a high-level conference that brings together influential public and private sector leaders from across the Atlantic Basin for an open and informal discussion on interregional issues.<\/p>\n\n\n\n<p>As we believe it is crucially important to involve young leaders in policy formulation and narrative formation, PCNS encourages intergenerational dialogue during the conference and beyond, among leading experts, senior officials and high-potential change agents, through its Atlantic Dialogues Emerging Leaders (ADEL) programme.<\/p>\n\n\n\n<p>The ADEL programme is PCNS's flagship young professionals programme, held two days before the Atlantic Dialogues conference. Each year, this programme brings together 30 to 50 young leaders from across the Atlantic basin and Africa. These rising leaders have demonstrated leadership skills and have a strong sense of commitment to the social and economic issues facing their communities in particular and the world in general. In 2023, 40 young professionals will be selected to participate in the Atlantic Dialogues 2023 Emerging Leaders Programme.<\/p>\n\n\n\n<p><strong>VALUE<\/strong><\/p>\n\n\n\n<ul class=\"wp-block-list\">\n<li>For the 40 selected participants, PCNS will cover economy class airfares to and from Morocco. In addition, local transport, catering and hotel accommodation during the programme and conference dates will be covered by the conference organisers.<\/li>\n<\/ul>\n\n\n\n<p><strong>ELIGIBILITY<\/strong><\/p>\n\n\n\n<p>To be considered for this programme, candidates must meet all of the following criteria:<\/p>\n\n\n\n<ul class=\"wp-block-list\">\n<li>Candidates must be aged between twenty-five and thirty-five (inclusive) on 4 May 2023, the day applications for the programme open.<\/li>\n\n\n\n<li>Applicants must be citizens of countries located in Africa, North America, South America, Central America, Europe or the Caribbean - citizens of countries bordering the Atlantic Basin will be prioritised. Also eligible are applicants who are citizens of other countries who have residency in countries in the regions listed above.<\/li>\n\n\n\n<li>Applicants must demonstrate proficiency in English in their personal statement and short video.<\/li>\n\n\n\n<li>Candidates must guarantee their availability for the duration of this six-day programme, which will take place from&nbsp;<strong>11 to 16 December<\/strong>in Marrakech, Morocco.&nbsp;<em>Please only sign up if you can make yourself available.<\/em><\/li>\n<\/ul>\n\n\n\n<p><strong>DEADLINE:&nbsp;<\/strong>20th June 2023<\/p>\n\n\n\n<p>To sign up and find out more,&nbsp;<a href=\"https:\/\/www.global-changemakers.net\/africanyouthsummit\">sign up here.<\/a><\/p>","protected":false},"excerpt":{"rendered":"<p>O Centro de Pol\u00edticas para o Novo Sul (PCNS) est\u00e1 organizando a 12\u00aa edi\u00e7\u00e3o da Confer\u00eancia de Di\u00e1logos do Atl\u00e2ntico, uma confer\u00eancia de alto n\u00edvel que re\u00fane l\u00edderes influentes dos setores p\u00fablico e privado de toda a Bacia do Atl\u00e2ntico para uma discuss\u00e3o aberta e informal sobre quest\u00f5es inter-regionais. Como acreditamos que \u00e9 de import\u00e2ncia [&hellip;]<\/p>","protected":false},"author":4,"featured_media":3704,"comment_status":"closed","ping_status":"closed","sticky":false,"template":"","format":"standard","meta":{"_jetpack_memberships_contains_paid_content":false,"footnotes":""},"categories":[5],"tags":[],"class_list":["post-3703","post","type-post","status-publish","format-standard","has-post-thumbnail","hentry","category-bolsas-e-fundos"],"jetpack_featured_media_url":"https:\/\/i0.wp.com\/wecare.center\/wp-content\/uploads\/2023\/05\/Captura-da-Web_25-5-2023_9268_opportunities.youthhubafrica.org_.jpeg?fit=1026%2C574&ssl=1","jetpack_sharing_enabled":true,"_links":{"self":[{"href":"https:\/\/wecare.center\/en\/wp-json\/wp\/v2\/posts\/3703","targetHints":{"allow":["GET"]}}],"collection":[{"href":"https:\/\/wecare.center\/en\/wp-json\/wp\/v2\/posts"}],"about":[{"href":"https:\/\/wecare.center\/en\/wp-json\/wp\/v2\/types\/post"}],"author":[{"embeddable":true,"href":"https:\/\/wecare.center\/en\/wp-json\/wp\/v2\/users\/4"}],"replies":[{"embeddable":true,"href":"https:\/\/wecare.center\/en\/wp-json\/wp\/v2\/comments?post=3703"}],"version-history":[{"count":1,"href":"https:\/\/wecare.center\/en\/wp-json\/wp\/v2\/posts\/3703\/revisions"}],"predecessor-version":[{"id":3705,"href":"https:\/\/wecare.center\/en\/wp-json\/wp\/v2\/posts\/3703\/revisions\/3705"}],"wp:featuredmedia":[{"embeddable":true,"href":"https:\/\/wecare.center\/en\/wp-json\/wp\/v2\/media\/3704"}],"wp:attachment":[{"href":"https:\/\/wecare.center\/en\/wp-json\/wp\/v2\/media?parent=3703"}],"wp:term":[{"taxonomy":"category","embeddable":true,"href":"https:\/\/wecare.center\/en\/wp-json\/wp\/v2\/categories?post=3703"},{"taxonomy":"post_tag","embeddable":true,"href":"https:\/\/wecare.center\/en\/wp-json\/wp\/v2\/tags?post=3703"}],"curies":[{"name":"wp","href":"https:\/\/api.w.org\/{rel}","templated":true}]}}