{"id":3700,"date":"2023-05-25T09:24:46","date_gmt":"2023-05-25T10:24:46","guid":{"rendered":"https:\/\/wecare.center\/?p=3700"},"modified":"2023-05-25T09:24:47","modified_gmt":"2023-05-25T10:24:47","slug":"africa-food-prize-2023","status":"publish","type":"post","link":"https:\/\/wecare.center\/en\/bolsas-e-fundos\/africa-food-prize-2023\/","title":{"rendered":"Africa Food Prize 2023"},"content":{"rendered":"<p>The Africa Food Prize is the outstanding award that recognises an outstanding individual or institution that is leading the effort to change the reality of agriculture in Africa from a struggle to survive to a business that thrives. The US$ 100,000 prize celebrates Africans who are taking control of Africa's agricultural agenda. It puts a spotlight on bold initiatives and technical innovations that can be replicated across the continent to create a new era of food security and economic opportunity for all Africans.<\/p>\n\n\n\n<p><strong>VALUE<\/strong><\/p>\n\n\n\n<ul class=\"wp-block-list\">\n<li>The prize is R$ 100 thousand<\/li>\n<\/ul>\n\n\n\n<p><strong>ELIGIBILITY<\/strong><\/p>\n\n\n\n<ul class=\"wp-block-list\">\n<li>The Africa Food Prize can be awarded to any individual or association<\/li>\n\n\n\n<li>The prize is awarded to any qualified candidate, regardless of nationality<\/li>\n\n\n\n<li>The Prize can be awarded with reference to a specific contribution or achievement in recent years<\/li>\n\n\n\n<li>Current or recent members of the Africa Food Prize Committee are eligible to apply<\/li>\n<\/ul>\n\n\n\n<p><strong>DEADLINE:<\/strong>&nbsp;17th June 2023<\/p>\n\n\n\n<p>To register and for more information<a href=\"https:\/\/africafoodprize.org\/about\/\">&nbsp;go here<\/a><\/p>","protected":false},"excerpt":{"rendered":"<p>O Africa Food Prize \u00e9 o pr\u00eamio proeminente que reconhece um indiv\u00edduo ou institui\u00e7\u00e3o de destaque que est\u00e1 liderando o esfor\u00e7o para mudar a realidade da agricultura na \u00c1frica de uma luta para sobreviver para um neg\u00f3cio que prospera.&nbsp;O pr\u00eamio de US$ 100 mil celebra os africanos que est\u00e3o assumindo o controle da agenda agr\u00edcola [&hellip;]<\/p>","protected":false},"author":4,"featured_media":3701,"comment_status":"closed","ping_status":"closed","sticky":false,"template":"","format":"standard","meta":{"_jetpack_memberships_contains_paid_content":false,"footnotes":""},"categories":[5],"tags":[],"class_list":["post-3700","post","type-post","status-publish","format-standard","has-post-thumbnail","hentry","category-bolsas-e-fundos"],"jetpack_featured_media_url":"https:\/\/i0.wp.com\/wecare.center\/wp-content\/uploads\/2023\/05\/Captura-da-Web_25-5-2023_92418_opportunities.youthhubafrica.org_.jpeg?fit=1020%2C507&ssl=1","jetpack_sharing_enabled":true,"_links":{"self":[{"href":"https:\/\/wecare.center\/en\/wp-json\/wp\/v2\/posts\/3700","targetHints":{"allow":["GET"]}}],"collection":[{"href":"https:\/\/wecare.center\/en\/wp-json\/wp\/v2\/posts"}],"about":[{"href":"https:\/\/wecare.center\/en\/wp-json\/wp\/v2\/types\/post"}],"author":[{"embeddable":true,"href":"https:\/\/wecare.center\/en\/wp-json\/wp\/v2\/users\/4"}],"replies":[{"embeddable":true,"href":"https:\/\/wecare.center\/en\/wp-json\/wp\/v2\/comments?post=3700"}],"version-history":[{"count":1,"href":"https:\/\/wecare.center\/en\/wp-json\/wp\/v2\/posts\/3700\/revisions"}],"predecessor-version":[{"id":3702,"href":"https:\/\/wecare.center\/en\/wp-json\/wp\/v2\/posts\/3700\/revisions\/3702"}],"wp:featuredmedia":[{"embeddable":true,"href":"https:\/\/wecare.center\/en\/wp-json\/wp\/v2\/media\/3701"}],"wp:attachment":[{"href":"https:\/\/wecare.center\/en\/wp-json\/wp\/v2\/media?parent=3700"}],"wp:term":[{"taxonomy":"category","embeddable":true,"href":"https:\/\/wecare.center\/en\/wp-json\/wp\/v2\/categories?post=3700"},{"taxonomy":"post_tag","embeddable":true,"href":"https:\/\/wecare.center\/en\/wp-json\/wp\/v2\/tags?post=3700"}],"curies":[{"name":"wp","href":"https:\/\/api.w.org\/{rel}","templated":true}]}}