{"id":3032,"date":"2023-01-19T11:39:52","date_gmt":"2023-01-19T12:39:52","guid":{"rendered":"https:\/\/wecare.center\/?p=3032"},"modified":"2023-01-19T11:39:54","modified_gmt":"2023-01-19T12:39:54","slug":"convite-a-apresentacao-de-candidaturas-2023-programa-de-preparacao-para-o-investimento-irp-para-empresarios-sociais","status":"publish","type":"post","link":"https:\/\/wecare.center\/en\/bolsas-e-fundos\/convite-a-apresentacao-de-candidaturas-2023-programa-de-preparacao-para-o-investimento-irp-para-empresarios-sociais\/","title":{"rendered":"Call for applications: 2023 Investment Readiness Programme (IRP) for Social Entrepreneurs"},"content":{"rendered":"<p>The Investment Readiness Programme (IRP) is a 16-week accelerator programme that prepares young social entrepreneurs aged 18-35 from around the world for investment readiness through one-to-one mentoring, curated training, peer-to-peer networking, and other opportunities to foster youth innovation.<\/p>\n\n\n\n<p><strong>Duration<\/strong><br>The IRP is a flagship programme facilitated by SDSN's Youth Solutions Programme. This year's IRP is its sixth edition and will take place between May 2023 and August 2023.<\/p>\n\n\n\n<p><strong>Application deadline - Friday 10 February 2023 at 23:59 UTC.<\/strong><\/p>\n\n\n\n<p><strong>Selection procedure<\/strong><br>Candidates will be shortlisted by a selection committee of industry professionals and will be contacted to take part in an interview. This application process is competitive and only a limited number of places will be offered on the programme. Only shortlisted candidates (those invited for interviews) will be contacted.<\/p>\n\n\n\n<p><strong>IRP Information Webinar<\/strong><br>Date and time: Saturday 28 January 2023 at 13:00 UTC<\/p>\n\n\n\n<p>More information\/application <a href=\"https:\/\/us02web.zoom.us\/webinar\/register\/WN_ebj3CzU1R5ODhXj-rGgGXw\">here<\/a>.<\/p>","protected":false},"excerpt":{"rendered":"<p>O Programa de Prepara\u00e7\u00e3o para o Investimento (IRP) \u00e9 um programa acelerador de 16 semanas que prepara jovens empreendedores sociais entre os 18-35 anos de todo o mundo para a prepara\u00e7\u00e3o para o investimento atrav\u00e9s de tutoria um-a-um, forma\u00e7\u00e3o com curadoria, redes peer-to-peer, e outras oportunidades para fomentar a inova\u00e7\u00e3o juvenil. Dura\u00e7\u00e3oO IRP \u00e9 um [&hellip;]<\/p>","protected":false},"author":4,"featured_media":3033,"comment_status":"closed","ping_status":"closed","sticky":false,"template":"","format":"standard","meta":{"_jetpack_memberships_contains_paid_content":false,"footnotes":""},"categories":[5],"tags":[],"class_list":["post-3032","post","type-post","status-publish","format-standard","has-post-thumbnail","hentry","category-bolsas-e-fundos"],"jetpack_featured_media_url":"https:\/\/i0.wp.com\/wecare.center\/wp-content\/uploads\/2023\/01\/Captura-Web_19-1-2023_113717_msmeafricaonline.com_.jpeg?fit=694%2C468&ssl=1","jetpack_sharing_enabled":true,"_links":{"self":[{"href":"https:\/\/wecare.center\/en\/wp-json\/wp\/v2\/posts\/3032","targetHints":{"allow":["GET"]}}],"collection":[{"href":"https:\/\/wecare.center\/en\/wp-json\/wp\/v2\/posts"}],"about":[{"href":"https:\/\/wecare.center\/en\/wp-json\/wp\/v2\/types\/post"}],"author":[{"embeddable":true,"href":"https:\/\/wecare.center\/en\/wp-json\/wp\/v2\/users\/4"}],"replies":[{"embeddable":true,"href":"https:\/\/wecare.center\/en\/wp-json\/wp\/v2\/comments?post=3032"}],"version-history":[{"count":2,"href":"https:\/\/wecare.center\/en\/wp-json\/wp\/v2\/posts\/3032\/revisions"}],"predecessor-version":[{"id":3035,"href":"https:\/\/wecare.center\/en\/wp-json\/wp\/v2\/posts\/3032\/revisions\/3035"}],"wp:featuredmedia":[{"embeddable":true,"href":"https:\/\/wecare.center\/en\/wp-json\/wp\/v2\/media\/3033"}],"wp:attachment":[{"href":"https:\/\/wecare.center\/en\/wp-json\/wp\/v2\/media?parent=3032"}],"wp:term":[{"taxonomy":"category","embeddable":true,"href":"https:\/\/wecare.center\/en\/wp-json\/wp\/v2\/categories?post=3032"},{"taxonomy":"post_tag","embeddable":true,"href":"https:\/\/wecare.center\/en\/wp-json\/wp\/v2\/tags?post=3032"}],"curies":[{"name":"wp","href":"https:\/\/api.w.org\/{rel}","templated":true}]}}