{"id":2989,"date":"2023-01-17T14:30:40","date_gmt":"2023-01-17T15:30:40","guid":{"rendered":"https:\/\/wecare.center\/?p=2989"},"modified":"2023-01-17T14:30:42","modified_gmt":"2023-01-17T15:30:42","slug":"bolsa-internacional-de-protecao-climatica-da-fundacao-alexander-von-humboldt-2023","status":"publish","type":"post","link":"https:\/\/wecare.center\/en\/bolsas-e-fundos\/bolsa-internacional-de-protecao-climatica-da-fundacao-alexander-von-humboldt-2023\/","title":{"rendered":"Alexander von Humboldt Foundation International Climate Protection Fellowship 2023"},"content":{"rendered":"<p>Do you work academically or practically on climate protection or conservation of climate-relevant resources in your home country - a non-European developing or transition country? Then we invite you to apply for an International Climate Protection Fellowship from the Alexander von Humboldt Foundation.<\/p>\n\n\n\n<p>If you are a potential leader, you will do a one-year research project in Germany as part of your grant; if you are a post-doc, long-term academic research (12-24 months). It should focus on combating climate change, adaptation strategies, the preservation of ecosystems and biodiversity or the sustainable use of seas and oceans. Sustainability topics related to natural resources, efficient resource consumption or urban development are also welcome.<\/p>\n\n\n\n<p>The grants are funded by the International Climate Initiative of the Federal Ministry for the Environment, Nature Conservation, Nuclear Safety and Consumer Protection (BMUV).<\/p>\n\n\n\n<p><strong>WORTH IT<\/strong><\/p>\n\n\n\n<p>A monthly stipend of \u20ac2,170, \u20ac2,470 or \u20ac2,670 in line with the programme for future leaders - depending on their training and career level; a monthly stipend of \u20ac2,670 in line with the programme for post-doctoral researchers.<\/p>\n\n\n\n<p>Individual support during your stay in Germany.<\/p>\n\n\n\n<p>Additional financial support, e.g. for family members, travelling companions, travel expenses, comprehensive private health insurance or German courses.<\/p>\n\n\n\n<p>A three-week introductory event where you can network with other climate protection fellows, visit companies and research institutions and take part in cultural events in Germany.<\/p>\n\n\n\n<p>Extensive alumni sponsorship, especially to support long-term connections with your co-operation partners in Germany throughout your professional career.<\/p>\n\n\n\n<p><strong>DEADLINE: <\/strong>1st February 2023<\/p>\n\n\n\n<p><strong>Read more:<\/strong> <a href=\"https:\/\/www.humboldt-foundation.de\/en\/apply\/sponsorship-programmes\/international-climate-protection-fellowship?fbclid=IwAR0nJaXhDrCOMHBA4RIo6Dw5r1ZBYyDsh0oxQBfIz5KptMa3XevkFQNCKjE\">International Climate Protection Fellowship - Alexander von Humboldt-Foundation<\/a><\/p>","protected":false},"excerpt":{"rendered":"<p>Voc\u00ea trabalha acad\u00e9mica ou praticamente em prote\u00e7\u00e3o clim\u00e1tica ou conserva\u00e7\u00e3o de recursos relevantes para o clima no seu pa\u00eds de origem &#8211; um pa\u00eds em desenvolvimento ou em transi\u00e7\u00e3o n\u00e3o europeu? Em seguida, convidamos voc\u00ea a se inscrever para uma Bolsa Internacional de Prote\u00e7\u00e3o Clim\u00e1tica da Funda\u00e7\u00e3o Alexander von Humboldt. Se voc\u00ea for um l\u00edder [&hellip;]<\/p>","protected":false},"author":4,"featured_media":2990,"comment_status":"closed","ping_status":"closed","sticky":false,"template":"","format":"standard","meta":{"_jetpack_memberships_contains_paid_content":false,"footnotes":""},"categories":[5],"tags":[],"class_list":["post-2989","post","type-post","status-publish","format-standard","has-post-thumbnail","hentry","category-bolsas-e-fundos"],"jetpack_featured_media_url":"https:\/\/i0.wp.com\/wecare.center\/wp-content\/uploads\/2023\/01\/csm_iks_visual_e77ecc9f73.jpg?fit=992%2C558&ssl=1","jetpack_sharing_enabled":true,"_links":{"self":[{"href":"https:\/\/wecare.center\/en\/wp-json\/wp\/v2\/posts\/2989","targetHints":{"allow":["GET"]}}],"collection":[{"href":"https:\/\/wecare.center\/en\/wp-json\/wp\/v2\/posts"}],"about":[{"href":"https:\/\/wecare.center\/en\/wp-json\/wp\/v2\/types\/post"}],"author":[{"embeddable":true,"href":"https:\/\/wecare.center\/en\/wp-json\/wp\/v2\/users\/4"}],"replies":[{"embeddable":true,"href":"https:\/\/wecare.center\/en\/wp-json\/wp\/v2\/comments?post=2989"}],"version-history":[{"count":2,"href":"https:\/\/wecare.center\/en\/wp-json\/wp\/v2\/posts\/2989\/revisions"}],"predecessor-version":[{"id":2992,"href":"https:\/\/wecare.center\/en\/wp-json\/wp\/v2\/posts\/2989\/revisions\/2992"}],"wp:featuredmedia":[{"embeddable":true,"href":"https:\/\/wecare.center\/en\/wp-json\/wp\/v2\/media\/2990"}],"wp:attachment":[{"href":"https:\/\/wecare.center\/en\/wp-json\/wp\/v2\/media?parent=2989"}],"wp:term":[{"taxonomy":"category","embeddable":true,"href":"https:\/\/wecare.center\/en\/wp-json\/wp\/v2\/categories?post=2989"},{"taxonomy":"post_tag","embeddable":true,"href":"https:\/\/wecare.center\/en\/wp-json\/wp\/v2\/tags?post=2989"}],"curies":[{"name":"wp","href":"https:\/\/api.w.org\/{rel}","templated":true}]}}