{"id":2778,"date":"2023-01-10T14:27:24","date_gmt":"2023-01-10T15:27:24","guid":{"rendered":"https:\/\/wecare.center\/?p=2778"},"modified":"2023-01-10T14:27:26","modified_gmt":"2023-01-10T15:27:26","slug":"premio-de-fotografia-ambiental-2023","status":"publish","type":"post","link":"https:\/\/wecare.center\/en\/bolsas-e-fundos\/premio-de-fotografia-ambiental-2023\/","title":{"rendered":"ENVIRONMENTAL PHOTOGRAPHY AWARD 2023"},"content":{"rendered":"<p>The Prince Albert II of Monaco Foundation Environmental Photography Award is an annual competition designed to reward photographers who put their creativity to good use in raising awareness of environmental protection.<\/p>\n\n\n\n<p>The photographers are invited to reflect on humanity's relationship with nature, and the interrelationship between human health and planetary health.<\/p>\n\n\n\n<p>There are 5 categories:<\/p>\n\n\n\n<ul class=\"wp-block-list\"><li>Polar Wonders<\/li><li>Humanity against Nature<\/li><li>Ocean Worlds<\/li><li>Into the forest<\/li><li>Changing manufacturers: Reasons for hope<\/li><\/ul>\n\n\n\n<p>Photographers can enter up to 5 images in each of the 5 categories, thus allowing a maximum of 25 images in total.<\/p>\n\n\n\n<p><strong>Prizes:<\/strong><\/p>\n\n\n\n<ul class=\"wp-block-list\"><li>Winner of the Grand Prix:<\/li><li>5,000 euros grant<\/li><li>Invitation (including travel and accommodation) to visit the University of Ecuador's Amazon Research Station and to make a photographic documentary in the field, in the heart of the Ecuadorian jungle.<\/li><li>Invitation (including travel and accommodation) to the opening of the 2023 Prize exhibition in the Principality of Monaco.<\/li><li>Category winners: 1,000 euros grant for each of the 5 category winners<\/li><li>Public vote: 500 euro grant<\/li><li>Students' choice: 500 euro grant<\/li><\/ul>\n\n\n\n<p><strong>Eligibility:<\/strong><\/p>\n\n\n\n<p>The Prize is global and open to photographers of all nationalities who will be 18 or over on 15 January 2023.<\/p>\n\n\n\n<p>Copyright and rights of use:<br>All images MUST be the exclusive work of the photographer submitting them and may not include any element that is copyright of another or photographed, or created by another.<\/p>\n\n\n\n<p><strong>Theme:<\/strong><br>Environment<br><br>Sign up <a href=\"https:\/\/www.photocrowd.com\/photo-competitions\/photography-awards\/pa2faward-2023\/\">here<\/a>.<\/p>","protected":false},"excerpt":{"rendered":"<p>O Pr\u00e9mio de Fotografia Ambiental da Funda\u00e7\u00e3o Pr\u00edncipe Alberto II do M\u00f3naco \u00e9 um concurso anual criado para recompensar os fot\u00f3grafos que d\u00e3o bom uso \u00e0 sua criatividade na sensibiliza\u00e7\u00e3o para a prote\u00e7\u00e3o ambiental. Os fot\u00f3grafos s\u00e3o convidados a refletir sobre a rela\u00e7\u00e3o da humanidade com a natureza, e a interrela\u00e7\u00e3o entre a sa\u00fade humana [&hellip;]<\/p>","protected":false},"author":4,"featured_media":2779,"comment_status":"closed","ping_status":"closed","sticky":false,"template":"","format":"standard","meta":{"_jetpack_memberships_contains_paid_content":false,"footnotes":""},"categories":[5],"tags":[],"class_list":["post-2778","post","type-post","status-publish","format-standard","has-post-thumbnail","hentry","category-bolsas-e-fundos"],"jetpack_featured_media_url":"https:\/\/i0.wp.com\/wecare.center\/wp-content\/uploads\/2023\/01\/Environmental-Photography-Award-1.jpg?fit=2083%2C1216&ssl=1","jetpack_sharing_enabled":true,"_links":{"self":[{"href":"https:\/\/wecare.center\/en\/wp-json\/wp\/v2\/posts\/2778","targetHints":{"allow":["GET"]}}],"collection":[{"href":"https:\/\/wecare.center\/en\/wp-json\/wp\/v2\/posts"}],"about":[{"href":"https:\/\/wecare.center\/en\/wp-json\/wp\/v2\/types\/post"}],"author":[{"embeddable":true,"href":"https:\/\/wecare.center\/en\/wp-json\/wp\/v2\/users\/4"}],"replies":[{"embeddable":true,"href":"https:\/\/wecare.center\/en\/wp-json\/wp\/v2\/comments?post=2778"}],"version-history":[{"count":3,"href":"https:\/\/wecare.center\/en\/wp-json\/wp\/v2\/posts\/2778\/revisions"}],"predecessor-version":[{"id":2782,"href":"https:\/\/wecare.center\/en\/wp-json\/wp\/v2\/posts\/2778\/revisions\/2782"}],"wp:featuredmedia":[{"embeddable":true,"href":"https:\/\/wecare.center\/en\/wp-json\/wp\/v2\/media\/2779"}],"wp:attachment":[{"href":"https:\/\/wecare.center\/en\/wp-json\/wp\/v2\/media?parent=2778"}],"wp:term":[{"taxonomy":"category","embeddable":true,"href":"https:\/\/wecare.center\/en\/wp-json\/wp\/v2\/categories?post=2778"},{"taxonomy":"post_tag","embeddable":true,"href":"https:\/\/wecare.center\/en\/wp-json\/wp\/v2\/tags?post=2778"}],"curies":[{"name":"wp","href":"https:\/\/api.w.org\/{rel}","templated":true}]}}