{"id":2697,"date":"2023-01-06T15:11:47","date_gmt":"2023-01-06T16:11:47","guid":{"rendered":"https:\/\/wecare.center\/?p=2697"},"modified":"2023-01-06T15:11:49","modified_gmt":"2023-01-06T16:11:49","slug":"programa-de-mudanca-para-o-planeta-para-lideres-e-ativistas-emergentes","status":"publish","type":"post","link":"https:\/\/wecare.center\/en\/bolsas-e-fundos\/programa-de-mudanca-para-o-planeta-para-lideres-e-ativistas-emergentes\/","title":{"rendered":"Change for the Planet programme for emerging leaders and activists"},"content":{"rendered":"<p>The Changemakers for the planet Programme offers young leaders face-to-face summits, capacity building, funding for collaborative efforts and lifetime access to the changemakerXchange programme's vibrant global network of changemakers and activists.<\/p>\n\n\n\n<p><strong>Requirements<\/strong><\/p>\n\n\n\n<ul class=\"wp-block-list\"><li>Applications to the programme are currently open from change makers aged between 18 and 35 and based in \/ with an impact on Europe or the Middle East and North Africa.<\/li><\/ul>\n\n\n\n<p><strong>Benefits<\/strong><\/p>\n\n\n\n<p>Participants have access to<\/p>\n\n\n\n<ul class=\"wp-block-list\"><li>Summits that bring together 25 innovators each for an intensive 5-day experience of connecting, learning and collaborating.<\/li><li>Capacity building, providing you with tailor-made skills development sessions and links to colleagues and allies.<\/li><li>Financing systemic collaboration efforts between participants.<\/li><li>Community that allows you to be a lifelong member of ChangemakerXchange's vibrant global network, with more than 1,000 participants from 130 countries.<\/li><\/ul>\n\n\n\n<p>The programme is supported by Apple.<\/p>\n\n\n\n<p>Application deadline: 15 January 2023 (23:59 PM CET)<\/p>\n\n\n\n<p>Apply <a href=\"https:\/\/changemakerxchange.org\/changemakers-for-the-planet\/\">here<\/a><\/p>","protected":false},"excerpt":{"rendered":"<p>O Programa Changeemakers for the planet Programme proporciona aos jovens l\u00edderes a realiza\u00e7\u00e3o de cimeiras presenciais, o desenvolvimento de capacidades, o financiamento de esfor\u00e7os de colabora\u00e7\u00e3o e o acesso vital\u00edcio \u00e0 vibrante rede global de changeemakers e ativistas do programa changemakerXchange. Requisitos Actualmente, est\u00e3o abertas candidaturas ao programa por parte de fabricantes de mudan\u00e7a com [&hellip;]<\/p>","protected":false},"author":4,"featured_media":2698,"comment_status":"closed","ping_status":"closed","sticky":false,"template":"","format":"standard","meta":{"_jetpack_memberships_contains_paid_content":false,"footnotes":""},"categories":[5],"tags":[],"class_list":["post-2697","post","type-post","status-publish","format-standard","has-post-thumbnail","hentry","category-bolsas-e-fundos"],"jetpack_featured_media_url":"https:\/\/i0.wp.com\/wecare.center\/wp-content\/uploads\/2023\/01\/Captura-Web_6-1-2023_14391_changemakerxchange.org_.jpeg?fit=790%2C663&ssl=1","jetpack_sharing_enabled":true,"_links":{"self":[{"href":"https:\/\/wecare.center\/en\/wp-json\/wp\/v2\/posts\/2697","targetHints":{"allow":["GET"]}}],"collection":[{"href":"https:\/\/wecare.center\/en\/wp-json\/wp\/v2\/posts"}],"about":[{"href":"https:\/\/wecare.center\/en\/wp-json\/wp\/v2\/types\/post"}],"author":[{"embeddable":true,"href":"https:\/\/wecare.center\/en\/wp-json\/wp\/v2\/users\/4"}],"replies":[{"embeddable":true,"href":"https:\/\/wecare.center\/en\/wp-json\/wp\/v2\/comments?post=2697"}],"version-history":[{"count":3,"href":"https:\/\/wecare.center\/en\/wp-json\/wp\/v2\/posts\/2697\/revisions"}],"predecessor-version":[{"id":2701,"href":"https:\/\/wecare.center\/en\/wp-json\/wp\/v2\/posts\/2697\/revisions\/2701"}],"wp:featuredmedia":[{"embeddable":true,"href":"https:\/\/wecare.center\/en\/wp-json\/wp\/v2\/media\/2698"}],"wp:attachment":[{"href":"https:\/\/wecare.center\/en\/wp-json\/wp\/v2\/media?parent=2697"}],"wp:term":[{"taxonomy":"category","embeddable":true,"href":"https:\/\/wecare.center\/en\/wp-json\/wp\/v2\/categories?post=2697"},{"taxonomy":"post_tag","embeddable":true,"href":"https:\/\/wecare.center\/en\/wp-json\/wp\/v2\/tags?post=2697"}],"curies":[{"name":"wp","href":"https:\/\/api.w.org\/{rel}","templated":true}]}}