{"id":2572,"date":"2022-12-16T11:37:12","date_gmt":"2022-12-16T12:37:12","guid":{"rendered":"https:\/\/wecare.center\/?p=2572"},"modified":"2022-12-16T11:37:14","modified_gmt":"2022-12-16T12:37:14","slug":"torne-se-um-embaixador-de-midia-social-da-glf-em-2023","status":"publish","type":"post","link":"https:\/\/wecare.center\/en\/bolsas-e-fundos\/torne-se-um-embaixador-de-midia-social-da-glf-em-2023\/","title":{"rendered":"Become a GLF social media ambassador in 2023!"},"content":{"rendered":"<p>Amplify your voice and connect with leading organisations through this unique volunteering programme.<\/p>\n\n\n\n<p>Do you want to be part of a select group of young environmental influencers who will shape the global conversation on sustainable landscapes, interact with the world's leading organisations and get early access to Global Landscapes Forum campaigns and events?<\/p>\n\n\n\n<p>We are opening a call to become a GLF Social Media Ambassador for 2023. This opportunity is open to all sustainability enthusiasts with social media experience between the ages of 18 and 35 from all over the world! Don't miss the chance to take part in this unique volunteer programme and make your voice heard in the global conversation about sustainable landscapes.<\/p>\n\n\n\n<p><strong><a href=\"http:\/\/bit.ly\/GLFAmbassadors2023\">Apply now!<\/a><\/strong><\/p>\n\n\n\n<p>In 2022, our 41 inspiring young ambassadors from 26 countries used their social media channels to publicise sustainable land use, climate justice, food systems transformation, sustainable finance and indigenous rights, among many other critical topics that were discussed at GLF events.<\/p>\n\n\n\n<p><strong>What will I do as GLF's social media ambassador?<br><\/strong>The programme offers a lot of flexibility to collaborate with the GLF Social Media team on the following activities in your own time:<\/p>\n\n\n\n<ul class=\"wp-block-list\"><li>Help boost GLF campaigns and events via your favourite social media channel<\/li><li>Co-create insightful content in collaboration with GLF's social media team<\/li><li>Provide live coverage of GLF events: digital forums, conferences, live broadcasts and more<\/li><li>Take part in virtual coordination meetings<\/li><\/ul>\n\n\n\n<p><strong>What's in it for you?<br><\/strong>Now in its fourth consecutive edition, the GLF Social Media Ambassadors volunteer programme offers:<\/p>\n\n\n\n<ul class=\"wp-block-list\"><li>Digital and face-to-face networking opportunities with leading organisations<\/li><li>Free tickets and a behind-the-scenes look at all GLF and partner events<\/li><li>Social media workshops and learning programmes to get practical tools that you can apply to your own projects<\/li><li>The opportunity to use the title\u00a0\u00a0<strong>GLF Social Media Ambassador<\/strong>\u00a0on all social media platforms<\/li><li>Personalised certificates after each event or project<\/li><li>Constant support from the GLF core team and an internal communication channel<\/li><li>Mentoring and recommendations to help you advance in your professional career<\/li><\/ul>\n\n\n\n<p><strong>What do I need to apply for the programme?<br><\/strong>The GLF Social Media Ambassadors programme seeks to promote young people from all over the world.<\/p>\n\n\n\n<ul class=\"wp-block-list\"><li>You must be between 18 and 35 years old. You can be based anywhere in the world<\/li><li>You will need a basic knowledge of English to communicate with our team, although you have the option of using your own language(s) in external communications as an Ambassador<\/li><li>You should already have one or more social media channels with a steady following<\/li><li>You don't need to be an experienced social media influencer to take part, but you should be motivated and passionate about sustainable change and support the GLF's objectives<\/li><\/ul>\n\n\n\n<p>Does that sound like you? If so, send us your application today and become a true environmental influencer!<\/p>\n\n\n\n<p>The application period ends on&nbsp;&nbsp;<strong>31 December 2022<\/strong>&nbsp;.<\/p>\n\n\n\n<p><strong><a href=\"http:\/\/bit.ly\/GLFAmbassadors2023\">Apply now!<\/a><\/strong><\/p>\n\n\n\n<p>Everyone is welcome to join the GLF Community and we encourage people of all ages to share their knowledge and experiences by getting involved with the GLF on all social media channels. Join the global conversation on sustainable landscapes using #ThinkLandscape and follow the GLF on\u00a0<a href=\"https:\/\/www.facebook.com\/GlobalLandscapesForum\" target=\"_blank\" rel=\"noreferrer noopener\">Facebook<\/a>,\u00a0<a href=\"https:\/\/www.instagram.com\/globallandscapesforum\/\" target=\"_blank\" rel=\"noreferrer noopener\">Instagram<\/a>,\u00a0<a href=\"https:\/\/www.linkedin.com\/company\/globallandscapesforum\/\" target=\"_blank\" rel=\"noreferrer noopener\">LinkedIn<\/a>\u00a0and Twitter at\u00a0<a href=\"https:\/\/twitter.com\/GlobalLF\">English<\/a>Spanish and French.<\/p>","protected":false},"excerpt":{"rendered":"<p>Amplie sua voz e conecte-se com as principais organiza\u00e7\u00f5es por meio deste programa de voluntariado exclusivo. Voc\u00ea quer fazer parte de um grupo seleto de jovens influenciadores ambientais que ir\u00e3o moldar a conversa global sobre paisagens sustent\u00e1veis, interagir com as principais organiza\u00e7\u00f5es do mundo e obter acesso antecipado \u00e0s campanhas e eventos do F\u00f3rum de [&hellip;]<\/p>","protected":false},"author":1,"featured_media":2573,"comment_status":"closed","ping_status":"closed","sticky":false,"template":"","format":"standard","meta":{"_jetpack_memberships_contains_paid_content":false,"footnotes":""},"categories":[5],"tags":[],"class_list":["post-2572","post","type-post","status-publish","format-standard","has-post-thumbnail","hentry","category-bolsas-e-fundos"],"jetpack_featured_media_url":"https:\/\/i0.wp.com\/wecare.center\/wp-content\/uploads\/2022\/12\/image-75.webp?fit=1919%2C1080&ssl=1","jetpack_sharing_enabled":true,"_links":{"self":[{"href":"https:\/\/wecare.center\/en\/wp-json\/wp\/v2\/posts\/2572","targetHints":{"allow":["GET"]}}],"collection":[{"href":"https:\/\/wecare.center\/en\/wp-json\/wp\/v2\/posts"}],"about":[{"href":"https:\/\/wecare.center\/en\/wp-json\/wp\/v2\/types\/post"}],"author":[{"embeddable":true,"href":"https:\/\/wecare.center\/en\/wp-json\/wp\/v2\/users\/1"}],"replies":[{"embeddable":true,"href":"https:\/\/wecare.center\/en\/wp-json\/wp\/v2\/comments?post=2572"}],"version-history":[{"count":1,"href":"https:\/\/wecare.center\/en\/wp-json\/wp\/v2\/posts\/2572\/revisions"}],"predecessor-version":[{"id":2574,"href":"https:\/\/wecare.center\/en\/wp-json\/wp\/v2\/posts\/2572\/revisions\/2574"}],"wp:featuredmedia":[{"embeddable":true,"href":"https:\/\/wecare.center\/en\/wp-json\/wp\/v2\/media\/2573"}],"wp:attachment":[{"href":"https:\/\/wecare.center\/en\/wp-json\/wp\/v2\/media?parent=2572"}],"wp:term":[{"taxonomy":"category","embeddable":true,"href":"https:\/\/wecare.center\/en\/wp-json\/wp\/v2\/categories?post=2572"},{"taxonomy":"post_tag","embeddable":true,"href":"https:\/\/wecare.center\/en\/wp-json\/wp\/v2\/tags?post=2572"}],"curies":[{"name":"wp","href":"https:\/\/api.w.org\/{rel}","templated":true}]}}