{"id":2569,"date":"2022-12-15T12:13:07","date_gmt":"2022-12-15T13:13:07","guid":{"rendered":"https:\/\/wecare.center\/?p=2569"},"modified":"2022-12-15T12:13:10","modified_gmt":"2022-12-15T13:13:10","slug":"subvencao-financeira-de-caracter-social-para-projetos-sociais-comunitarios-de-assistencia-a-populacao-vulneravel-grupo-i-e-ii-do-cadastro-social-unico-e-inclusao-produtiva-de-pequenos-negocios","status":"publish","type":"post","link":"https:\/\/wecare.center\/en\/noticias\/subvencao-financeira-de-caracter-social-para-projetos-sociais-comunitarios-de-assistencia-a-populacao-vulneravel-grupo-i-e-ii-do-cadastro-social-unico-e-inclusao-produtiva-de-pequenos-negocios\/","title":{"rendered":"Social Financial Subsidy for Community Social Projects to Assist Vulnerable Populations (Group I and II of the Single Social Registry) and Productive Inclusion of Small Businesses"},"content":{"rendered":"<p>The Ministry of the Family, Inclusion and Social Development, through the General Directorate for Social Inclusion, invites associations to submit applications for Social Financial Subsidies for Community Social Projects to Assist Vulnerable Populations (Group I and II of the Single Social Registry) and the Productive Inclusion of Small Businesses.<\/p>\n\n\n\n<p>You can find the public notice with all the information about the application at the link:&nbsp;<a href=\"https:\/\/cutt.ly\/T1OWAXG\" target=\"_blank\" rel=\"noreferrer noopener\">https:\/\/cutt.ly\/T1OWAXG<\/a><\/p>\n\n\n\n<p>Projects must be submitted by ???? ?? ?? ???????? ?? ????, ????? ??????? and should be sent to the email address of the MFIDS focal point:&nbsp;<a href=\"mailto:maria.p.fortes@mfids.gov.cv\" target=\"_blank\" rel=\"noreferrer noopener\">maria.p.fortes@mfids.gov.cv<\/a>&nbsp;or submitted in a sealed envelope, to the DGIS Secretariat, at the address below, containing proof of the criteria mentioned below, to the following address: Directorate-General for Social Inclusion, Rua Jardim Gulbenkian, Achada Santo Ant\u00f3nio, Praia, C.P. 453, with the heading \"Application for a financial subsidy for social associations for community social projects to assist people in situations of social vulnerability and productive inclusion of small businesses\".<\/p>","protected":false},"excerpt":{"rendered":"<p>O Minist\u00e9rio da Fam\u00edlia, Inclus\u00e3o e Desenvolvimento Social, atrav\u00e9s da Dire\u00e7\u00e3o-Geral de Inclus\u00e3o Social, convida \u00e0s Associa\u00e7\u00f5es a apresentarem candidaturas para&nbsp;Subven\u00e7\u00e3o Financeira de Car\u00e1cter Social para Projetos Sociais Comunit\u00e1rios de Assist\u00eancia \u00e0 Popula\u00e7\u00e3o Vulner\u00e1vel (Grupo I e II do Cadastro Social \u00danico) e Inclus\u00e3o Produtiva de pequenos neg\u00f3cios. Podem encontrar o edital com todas as [&hellip;]<\/p>","protected":false},"author":1,"featured_media":2570,"comment_status":"closed","ping_status":"closed","sticky":false,"template":"","format":"standard","meta":{"_jetpack_memberships_contains_paid_content":false,"footnotes":""},"categories":[1],"tags":[],"class_list":["post-2569","post","type-post","status-publish","format-standard","has-post-thumbnail","hentry","category-noticias"],"jetpack_featured_media_url":"https:\/\/i0.wp.com\/wecare.center\/wp-content\/uploads\/2022\/12\/Image-74.png?fit=225%2C225&ssl=1","jetpack_sharing_enabled":true,"_links":{"self":[{"href":"https:\/\/wecare.center\/en\/wp-json\/wp\/v2\/posts\/2569","targetHints":{"allow":["GET"]}}],"collection":[{"href":"https:\/\/wecare.center\/en\/wp-json\/wp\/v2\/posts"}],"about":[{"href":"https:\/\/wecare.center\/en\/wp-json\/wp\/v2\/types\/post"}],"author":[{"embeddable":true,"href":"https:\/\/wecare.center\/en\/wp-json\/wp\/v2\/users\/1"}],"replies":[{"embeddable":true,"href":"https:\/\/wecare.center\/en\/wp-json\/wp\/v2\/comments?post=2569"}],"version-history":[{"count":1,"href":"https:\/\/wecare.center\/en\/wp-json\/wp\/v2\/posts\/2569\/revisions"}],"predecessor-version":[{"id":2571,"href":"https:\/\/wecare.center\/en\/wp-json\/wp\/v2\/posts\/2569\/revisions\/2571"}],"wp:featuredmedia":[{"embeddable":true,"href":"https:\/\/wecare.center\/en\/wp-json\/wp\/v2\/media\/2570"}],"wp:attachment":[{"href":"https:\/\/wecare.center\/en\/wp-json\/wp\/v2\/media?parent=2569"}],"wp:term":[{"taxonomy":"category","embeddable":true,"href":"https:\/\/wecare.center\/en\/wp-json\/wp\/v2\/categories?post=2569"},{"taxonomy":"post_tag","embeddable":true,"href":"https:\/\/wecare.center\/en\/wp-json\/wp\/v2\/tags?post=2569"}],"curies":[{"name":"wp","href":"https:\/\/api.w.org\/{rel}","templated":true}]}}