{"id":2208,"date":"2022-10-18T15:35:17","date_gmt":"2022-10-18T16:35:17","guid":{"rendered":"https:\/\/wecare.center\/?p=2208"},"modified":"2022-10-18T15:38:06","modified_gmt":"2022-10-18T16:38:06","slug":"a-assembleia-da-juventude-em-nova-york-eua-inscreva-se-agora","status":"publish","type":"post","link":"https:\/\/wecare.center\/en\/bolsas-e-fundos\/a-assembleia-da-juventude-em-nova-york-eua-inscreva-se-agora\/","title":{"rendered":"The Youth Assembly in New York, USA: Sign up now!"},"content":{"rendered":"<p>Youth Assembly is a global platform that cultivates an international network of young leaders and change agents through exchange, education, action and impact. Join us to:<\/p>\n\n\n\n<ul class=\"wp-block-list\"><li>Connect with peers, pioneers and influencers,<\/li><li>Develop global competences and critical skills, and<\/li><li>Turn your vision of a better future into action.<\/li><\/ul>\n\n\n\n<p><a href=\"https:\/\/www.youthassembly.org\/register\/\"><strong>APPLY NOW<\/strong><\/a><\/p>\n\n\n\n<h4 class=\"wp-block-heading\"><strong>Eligibility requirements<\/strong><\/h4>\n\n\n\n<ul class=\"wp-block-list\"><li>Delegates must be between 18 and 32 years old&nbsp;<\/li><li>Proven track record of leadership experience, school or community involvement<\/li><li>Interest in global affairs, sustainable development and youth issues<\/li><li>Proficient in English (Intermediate Level)<\/li><\/ul>\n\n\n\n<p><a href=\"https:\/\/application.afs.org\/you\/\">Apply as an Individual Delegate<\/a><\/p>\n\n\n\n<p><a href=\"https:\/\/www.youthassembly.org\/group-delegation-application\/\">Sign up as a group delegation<\/a><\/p>\n\n\n\n<h4 class=\"wp-block-heading\"><strong>Shape the concept and theme of the 28th Youth Assembly!<\/strong><\/h4>\n\n\n\n<p>The Concept and Theme of the Youth Assembly will be decided through a collaborative process with young people from all over the world. A Youth Advisory Council representing all regions of the world will be formed to discuss young people's priorities for the Sustainable Development Goals. Young people will also be invited to provide input on the issues most important to them through a survey. We will conclude with a youth-led webinar aimed at creating concrete priority areas for the 28th Youth Assembly in 2023.&nbsp;<\/p>\n\n\n\n<p>Sign up for our newsletter so that you can include your voice in this global meeting agenda setting.&nbsp;<\/p>\n\n\n\n<p><a href=\"https:\/\/www.youthassembly.org\/stay-informed-about-the-youth-assembly\/\">Sign up now<\/a><\/p>\n\n\n\n<h4 class=\"wp-block-heading\"><strong>The Youth Assembly programme includes:<\/strong><\/h4>\n\n\n\n<h4 class=\"wp-block-heading\"><strong>Lectures<\/strong><\/h4>\n\n\n\n<p>Be inspired by today's pioneers and influencers<\/p>\n\n\n\n<h4 class=\"wp-block-heading\"><strong>Thematic discussions<\/strong><\/h4>\n\n\n\n<p>Interact with panels of experts and leaders in various areas of research<\/p>\n\n\n\n<h4 class=\"wp-block-heading\"><strong>Skills Development Workshops<\/strong><\/h4>\n\n\n\n<p>Engage in in-depth discussions or activities to develop practical skills<\/p>\n\n\n\n<h4 class=\"wp-block-heading\"><strong>AFS Award for Young Global Citizens Finals<\/strong><\/h4>\n\n\n\n<p>The finalists present their ideas to a distinguished panel of judges for funding<\/p>\n\n\n\n<h4 class=\"wp-block-heading\"><strong>Network<\/strong><\/h4>\n\n\n\n<p>Make connections with young leaders from around the world<\/p>\n\n\n\n<h4 class=\"wp-block-heading\"><strong>Prizes<\/strong><\/h4>\n\n\n\n<p>Meet the winners of the Outstanding Youth Delegate Award<\/p>\n\n\n\n<h4 class=\"wp-block-heading\"><strong>Field trips<\/strong><\/h4>\n\n\n\n<p>Get an inside view of the workings of global and national institutions and organisations<\/p>\n\n\n\n<h4 class=\"wp-block-heading\"><strong>Special events<\/strong><\/h4>\n\n\n\n<p>Make new friends or collaborators through special dinners, CultureFest and much more<\/p>\n\n\n\n<p><strong>FOR MORE INFORMATION:&nbsp;<\/strong><a href=\"https:\/\/www.youthassembly.org\/#afs-nav-apply-now\" target=\"_blank\" rel=\"noopener\">https:\/\/www.youthassembly.org\/#afs-nav-apply-now<\/a><\/p>","protected":false},"excerpt":{"rendered":"<p>A Youth Assembly \u00e9 uma plataforma global que cultiva uma rede internacional de jovens l\u00edderes e agentes de mudan\u00e7a por meio de interc\u00e2mbio, educa\u00e7\u00e3o, a\u00e7\u00e3o e impacto.&nbsp;Junte-se a n\u00f3s para: Conecte-se com colegas de opini\u00e3o, pioneiros e influenciadores, Desenvolver compet\u00eancias globais e habilidades cr\u00edticas, e Transforme sua vis\u00e3o de um futuro melhor em a\u00e7\u00e3o. APLIQUE [&hellip;]<\/p>","protected":false},"author":1,"featured_media":2210,"comment_status":"closed","ping_status":"closed","sticky":false,"template":"","format":"standard","meta":{"_jetpack_memberships_contains_paid_content":false,"footnotes":""},"categories":[5],"tags":[],"class_list":["post-2208","post","type-post","status-publish","format-standard","has-post-thumbnail","hentry","category-bolsas-e-fundos"],"jetpack_featured_media_url":"https:\/\/i0.wp.com\/wecare.center\/wp-content\/uploads\/2022\/10\/20.png?fit=2560%2C1009&ssl=1","jetpack_sharing_enabled":true,"_links":{"self":[{"href":"https:\/\/wecare.center\/en\/wp-json\/wp\/v2\/posts\/2208","targetHints":{"allow":["GET"]}}],"collection":[{"href":"https:\/\/wecare.center\/en\/wp-json\/wp\/v2\/posts"}],"about":[{"href":"https:\/\/wecare.center\/en\/wp-json\/wp\/v2\/types\/post"}],"author":[{"embeddable":true,"href":"https:\/\/wecare.center\/en\/wp-json\/wp\/v2\/users\/1"}],"replies":[{"embeddable":true,"href":"https:\/\/wecare.center\/en\/wp-json\/wp\/v2\/comments?post=2208"}],"version-history":[{"count":2,"href":"https:\/\/wecare.center\/en\/wp-json\/wp\/v2\/posts\/2208\/revisions"}],"predecessor-version":[{"id":2213,"href":"https:\/\/wecare.center\/en\/wp-json\/wp\/v2\/posts\/2208\/revisions\/2213"}],"wp:featuredmedia":[{"embeddable":true,"href":"https:\/\/wecare.center\/en\/wp-json\/wp\/v2\/media\/2210"}],"wp:attachment":[{"href":"https:\/\/wecare.center\/en\/wp-json\/wp\/v2\/media?parent=2208"}],"wp:term":[{"taxonomy":"category","embeddable":true,"href":"https:\/\/wecare.center\/en\/wp-json\/wp\/v2\/categories?post=2208"},{"taxonomy":"post_tag","embeddable":true,"href":"https:\/\/wecare.center\/en\/wp-json\/wp\/v2\/tags?post=2208"}],"curies":[{"name":"wp","href":"https:\/\/api.w.org\/{rel}","templated":true}]}}