{"id":17444,"date":"2026-09-01T14:41:00","date_gmt":"2026-09-01T15:41:00","guid":{"rendered":"https:\/\/wecare.center\/?p=17444"},"modified":"2026-09-01T14:41:00","modified_gmt":"2026-09-01T15:41:00","slug":"concurso-oms-inovador-desafio-covid-19-jovem","status":"publish","type":"post","link":"https:\/\/wecare.center\/en\/bolsas-e-fundos\/concurso-oms-inovador-desafio-covid-19-jovem\/","title":{"rendered":"Concurso OMS: Inovador Desafio COVID-19 Jovem!"},"content":{"rendered":"<h2 class=\"wp-block-heading\">Concurso global da OMS para jovens sobre gripe e COVID-19: Uma Oportunidade para Cabo Verde<\/h2>\n\n\n\n<p class=\"wp-block-paragraph\"><strong>O concurso global da OMS para jovens sobre gripe e COVID-19<\/strong> representa uma oportunidade excecional para Cabo Verde mobilizar a sua juventude e inova\u00e7\u00e3o na luta contra doen\u00e7as respirat\u00f3rias. Numa era definida por desafios de sa\u00fade p\u00fablica globais, como a pandemia de COVID-19 e a amea\u00e7a persistente da gripe sazonal, o papel da pr\u00f3xima gera\u00e7\u00e3o \u00e9 crucial. Este concurso visa capacitar jovens de todo o mundo a desenvolver solu\u00e7\u00f5es criativas e impactantes para a preven\u00e7\u00e3o e controlo destas doen\u00e7as.<\/p>\n\n\n\n<p class=\"wp-block-paragraph\">Cabo Verde, com a sua popula\u00e7\u00e3o jovem e vibrante, est\u00e1 bem posicionado para participar ativamente nesta iniciativa. O concurso procura ideias inovadoras que abordem v\u00e1rios aspetos, desde campanhas de sensibiliza\u00e7\u00e3o e educa\u00e7\u00e3o para a sa\u00fade at\u00e9 solu\u00e7\u00f5es tecnol\u00f3gicas que facilitem a vigil\u00e2ncia, o diagn\u00f3stico precoce e a gest\u00e3o de surtos. A participa\u00e7\u00e3o de jovens cabo-verdianos pode n\u00e3o s\u00f3 highlight a sua capacidade de inova\u00e7\u00e3o, mas tamb\u00e9m trazer perspetivas \u00fanicas e culturalmente relevantes para os desafios de sa\u00fade que o pa\u00eds enfrenta.<\/p>\n\n\n\n<p class=\"wp-block-paragraph\">Imagine projetos que utilizem plataformas digitais para disseminar informa\u00e7\u00f5es precisas sobre vacina\u00e7\u00e3o e higiene respirat\u00f3ria, ou iniciativas comunit\u00e1rias que promovam a literacia em sa\u00fade em \u00e1reas mais remotas. Estas ideias, desenvolvidas por jovens, podem ter um impacto significativo na resili\u00eancia do sistema de sa\u00fade cabo-verdiano e na prote\u00e7\u00e3o da sua popula\u00e7\u00e3o.<\/p>\n\n\n\n<p class=\"wp-block-paragraph\">Al\u00e9m do potencial de contribuir para a sa\u00fade global, a participa\u00e7\u00e3o neste concurso oferece aos jovens cabo-verdianos uma plataforma valiosa para desenvolverem as suas compet\u00eancias, expandirem a sua rede de contactos internacionais e acederem a reconhecimento global. \u00c9 uma chance de serem ouvidos e de fazerem a diferen\u00e7a. A OMS e os seus parceiros est\u00e3o a procurar mentes brilhantes e apaixonadas, e Cabo Verde tem ambas em abund\u00e2ncia.<\/p>\n\n\n\n<p class=\"wp-block-paragraph\">Incentivamos todos os jovens cabo-verdianos, com idades compreendidas no regulamento do concurso, individualmente ou em equipa, a explorarem esta oportunidade. A sua vis\u00e3o e energia s\u00e3o fundamentais para moldar um futuro mais saud\u00e1vel para todos.<\/p>\n\n\n\n<p class=\"wp-block-paragraph\"><strong>Attention:<\/strong> O prazo para submiss\u00e3o de propostas \u00e9 <strong>13 de setembro de 2026<\/strong>.<br>\nPode aceder ao formul\u00e1rio de candidatura e a mais detalhes atrav\u00e9s do seguinte link: <a href=\"https:\/\/forms.cloud.microsoft\/pages\/responsepage.aspx?id=t8AQ9iS9OUuBCz3CgK-1kITa7fA-WZFLku4W4j3inD9UMVBJNkJPRldQU1lTSkZWMTdHNlcyTUZBRS4u&amp;route=shorturl\">https:\/\/forms.cloud.microsoft\/pages\/responsepage.aspx?id=t8AQ9iS9OUuBCz3CgK-1kITa7fA-WZFLku4W4j3inD9UMVBJNkJPRldQU1lTSkZWMTdHNlcyTUZBRS4u&amp;route=shorturl<\/a><\/p>","protected":false},"excerpt":{"rendered":"<p>Est\u00e1s pronto para fazer a diferen\u00e7a? Participa no novo **concurso OMS jovem** e partilha as tuas ideias para combater a gripe e a COVID-19, transformando desafios de sa\u00fade globais em oportunidades de inova\u00e7\u00e3o.<\/p>","protected":false},"author":1,"featured_media":17443,"comment_status":"closed","ping_status":"closed","sticky":false,"template":"","format":"standard","meta":{"_jetpack_newsletter_access":"","_jetpack_dont_email_post_to_subs":false,"_jetpack_newsletter_tier_id":0,"_jetpack_memberships_contains_paywalled_content":false,"_jetpack_feature_clip_id":0,"_jetpack_memberships_contains_paid_content":false,"footnotes":"","jetpack_post_was_ever_published":false},"categories":[5],"tags":[367,4467,4468,4470,4469,49,8,1142,1085,331],"class_list":["post-17444","post","type-post","status-publish","format-standard","has-post-thumbnail","hentry","category-bolsas-e-fundos","tag-cabo-verde","tag-concurso-oms","tag-covid-19","tag-doencas-respiratorias","tag-gripe","tag-inovacao","tag-jovens","tag-prevencao","tag-saude-global","tag-saude-publica"],"jetpack_sharing_enabled":true,"jetpack_featured_media_url":"https:\/\/i0.wp.com\/wecare.center\/wp-content\/uploads\/2026\/09\/concurso-oms-jovem-1788277232.jpeg?fit=1880%2C1253&ssl=1","_links":{"self":[{"href":"https:\/\/wecare.center\/en\/wp-json\/wp\/v2\/posts\/17444","targetHints":{"allow":["GET"]}}],"collection":[{"href":"https:\/\/wecare.center\/en\/wp-json\/wp\/v2\/posts"}],"about":[{"href":"https:\/\/wecare.center\/en\/wp-json\/wp\/v2\/types\/post"}],"author":[{"embeddable":true,"href":"https:\/\/wecare.center\/en\/wp-json\/wp\/v2\/users\/1"}],"replies":[{"embeddable":true,"href":"https:\/\/wecare.center\/en\/wp-json\/wp\/v2\/comments?post=17444"}],"version-history":[{"count":1,"href":"https:\/\/wecare.center\/en\/wp-json\/wp\/v2\/posts\/17444\/revisions"}],"predecessor-version":[{"id":17445,"href":"https:\/\/wecare.center\/en\/wp-json\/wp\/v2\/posts\/17444\/revisions\/17445"}],"wp:featuredmedia":[{"embeddable":true,"href":"https:\/\/wecare.center\/en\/wp-json\/wp\/v2\/media\/17443"}],"wp:attachment":[{"href":"https:\/\/wecare.center\/en\/wp-json\/wp\/v2\/media?parent=17444"}],"wp:term":[{"taxonomy":"category","embeddable":true,"href":"https:\/\/wecare.center\/en\/wp-json\/wp\/v2\/categories?post=17444"},{"taxonomy":"post_tag","embeddable":true,"href":"https:\/\/wecare.center\/en\/wp-json\/wp\/v2\/tags?post=17444"}],"curies":[{"name":"wp","href":"https:\/\/api.w.org\/{rel}","templated":true}]}}