{"id":17441,"date":"2026-09-01T14:39:07","date_gmt":"2026-09-01T15:39:07","guid":{"rendered":"https:\/\/wecare.center\/?p=17441"},"modified":"2026-09-01T14:39:07","modified_gmt":"2026-09-01T15:39:07","slug":"desafio-energia-2026-imperdivel-futuro-energetico","status":"publish","type":"post","link":"https:\/\/wecare.center\/en\/bolsas-e-fundos\/desafio-energia-2026-imperdivel-futuro-energetico\/","title":{"rendered":"Desafio Energia 2026: Imperd\u00edvel Futuro Energ\u00e9tico!"},"content":{"rendered":"<p class=\"wp-block-paragraph\"><strong>Desafio \u00c1frica de Inova\u00e7\u00e3o em Energia 2026: Uma Oportunidade para Cabo Verde<\/strong><\/p>\n\n\n\n<p class=\"wp-block-paragraph\">Cabo Verde, com a sua abund\u00e2ncia de recursos naturais e um forte compromisso com o desenvolvimento sustent\u00e1vel, est\u00e1 idealmente posicionado para brilhar no Desafio \u00c1frica de Inova\u00e7\u00e3o em Energia 2026. Este concurso representa uma oportunidade \u00edmpar para empresas, startups, investigadores e empreendedores cabo-verdianos apresentarem solu\u00e7\u00f5es inovadoras que possam impulsionar a transi\u00e7\u00e3o energ\u00e9tica n\u00e3o s\u00f3 no arquip\u00e9lago, mas em todo o continente africano. A aposta na energia limpa e renov\u00e1vel \u00e9 crucial para o futuro de Cabo Verde, reduzindo a depend\u00eancia de combust\u00edveis f\u00f3sseis e contribuindo para a mitiga\u00e7\u00e3o das altera\u00e7\u00f5es clim\u00e1ticas.<\/p>\n\n\n\n<p class=\"wp-block-paragraph\">O Desafio \u00c1frica de Inova\u00e7\u00e3o em Energia 2026 procura projetos que abordem quest\u00f5es prementes no setor energ\u00e9tico, tais como o acesso \u00e0 eletricidade em comunidades remotas, a efici\u00eancia energ\u00e9tica em edif\u00edcios e ind\u00fastrias, o armazenamento de energia, a digitaliza\u00e7\u00e3o da rede el\u00e9trica e a promo\u00e7\u00e3o de novas fontes de energia renov\u00e1vel. Cabo Verde, com o seu potencial solar e e\u00f3lico inexplorado, tem um vasto campo para desenvolver e testar solu\u00e7\u00f5es que possam ser replicadas em contextos semelhantes. A participa\u00e7\u00e3o neste desafio n\u00e3o s\u00f3 oferece a possibilidade de financiamento e visibilidade, mas tamb\u00e9m de estabelecer parcerias estrat\u00e9gicas com outros intervenientes do setor a n\u00edvel global.<\/p>\n\n\n\n<p class=\"wp-block-paragraph\">Estamos a falar de uma plataforma que visa empoderar os inovadores africanos, proporcionando-lhes os recursos e o reconhecimento necess\u00e1rios para transformar as suas ideias em realidade. Para Cabo Verde, este \u00e9 um convite irrecus\u00e1vel para demonstrar a sua capacidade de lideran\u00e7a na \u00e1rea das energias renov\u00e1veis e de se posicionar como um hub de inova\u00e7\u00e3o. A sinergia entre o setor p\u00fablico, privado e acad\u00e9mico ser\u00e1 fundamental para mobilizar os melhores talentos e garantir propostas robustas e impactantes.<\/p>\n\n\n\n<p class=\"wp-block-paragraph\">Encourajamos vivamente todos os interessados a explorar esta magn\u00edfica oportunidade. O prazo final para a submiss\u00e3o de candidaturas \u00e9 <strong>10 September 2026<\/strong>.<\/p>\n\n\n\n<p class=\"wp-block-paragraph\">Poder\u00e1 encontrar mais informa\u00e7\u00f5es e submeter a sua proposta atrav\u00e9s do seguinte link: <a href=\"https:\/\/docs.google.com\/forms\/d\/e\/1FAIpQLSd1tNjv4CbXE3RJteZOn8RT_XlQ6KcOzM-TAgyocAojgGCV2A\/viewform\">https:\/\/docs.google.com\/forms\/d\/e\/1FAIpQLSd1tNjv4CbXE3RJteZOn8RT_XlQ6KcOzM-TAgyocAojgGCV2A\/viewform<\/a><\/p>","protected":false},"excerpt":{"rendered":"<p>Prepare-se para o futuro da energia: o Desafio Energia 2026 est\u00e1 a chegar e traz consigo uma oportunidade imperd\u00edvel para mostrar o potencial inovador de Cabo Verde no panorama energ\u00e9tico africano. Mergulhe nesta iniciativa transformadora e ajude a moldar um amanh\u00e3 mais sustent\u00e1vel para todos!<\/p>","protected":false},"author":1,"featured_media":17440,"comment_status":"closed","ping_status":"closed","sticky":false,"template":"","format":"standard","meta":{"_jetpack_newsletter_access":"","_jetpack_dont_email_post_to_subs":false,"_jetpack_newsletter_tier_id":0,"_jetpack_memberships_contains_paywalled_content":false,"_jetpack_feature_clip_id":0,"_jetpack_memberships_contains_paid_content":false,"footnotes":"","jetpack_post_was_ever_published":false},"categories":[5],"tags":[367,4463,2099,535,4464,4465,1672,27,4466,1221],"class_list":["post-17441","post","type-post","status-publish","format-standard","has-post-thumbnail","hentry","category-bolsas-e-fundos","tag-cabo-verde","tag-desafio-energia-2026","tag-energia-limpa","tag-energias-renovaveis","tag-inovacao-energetica-africa","tag-oportunidade-cabo-verde","tag-solucoes-inovadoras","tag-sustentabilidade","tag-tecnologia-energetica","tag-transicao-energetica"],"jetpack_sharing_enabled":true,"jetpack_featured_media_url":"https:\/\/i0.wp.com\/wecare.center\/wp-content\/uploads\/2026\/09\/desafio-energia-2026-1788277118.jpeg?fit=1736%2C1300&ssl=1","_links":{"self":[{"href":"https:\/\/wecare.center\/en\/wp-json\/wp\/v2\/posts\/17441","targetHints":{"allow":["GET"]}}],"collection":[{"href":"https:\/\/wecare.center\/en\/wp-json\/wp\/v2\/posts"}],"about":[{"href":"https:\/\/wecare.center\/en\/wp-json\/wp\/v2\/types\/post"}],"author":[{"embeddable":true,"href":"https:\/\/wecare.center\/en\/wp-json\/wp\/v2\/users\/1"}],"replies":[{"embeddable":true,"href":"https:\/\/wecare.center\/en\/wp-json\/wp\/v2\/comments?post=17441"}],"version-history":[{"count":1,"href":"https:\/\/wecare.center\/en\/wp-json\/wp\/v2\/posts\/17441\/revisions"}],"predecessor-version":[{"id":17442,"href":"https:\/\/wecare.center\/en\/wp-json\/wp\/v2\/posts\/17441\/revisions\/17442"}],"wp:featuredmedia":[{"embeddable":true,"href":"https:\/\/wecare.center\/en\/wp-json\/wp\/v2\/media\/17440"}],"wp:attachment":[{"href":"https:\/\/wecare.center\/en\/wp-json\/wp\/v2\/media?parent=17441"}],"wp:term":[{"taxonomy":"category","embeddable":true,"href":"https:\/\/wecare.center\/en\/wp-json\/wp\/v2\/categories?post=17441"},{"taxonomy":"post_tag","embeddable":true,"href":"https:\/\/wecare.center\/en\/wp-json\/wp\/v2\/tags?post=17441"}],"curies":[{"name":"wp","href":"https:\/\/api.w.org\/{rel}","templated":true}]}}