{"id":17438,"date":"2026-09-01T14:37:21","date_gmt":"2026-09-01T15:37:21","guid":{"rendered":"https:\/\/wecare.center\/?p=17438"},"modified":"2026-09-01T14:37:21","modified_gmt":"2026-09-01T15:37:21","slug":"more-health-africa-oportunidade-incrivel-para-empresas","status":"publish","type":"post","link":"https:\/\/wecare.center\/en\/bolsas-e-fundos\/more-health-africa-oportunidade-incrivel-para-empresas\/","title":{"rendered":"MORE HEALTH \u00c1frica: Oportunidade Incr\u00edvel para Empresas"},"content":{"rendered":"<p class=\"wp-block-paragraph\"><strong>Programa MORE HEALTH For Africa: Uma Oportunidade Transformadora para as Empresas Sociais Cabo-Verdianas<\/strong><\/p>\n\n\n\n<p class=\"wp-block-paragraph\">O <strong>Programa MORE HEALTH For Africa<\/strong> representa uma oportunidade inovadora e essencial para as empresas sociais em Cabo Verde que visam impactar positivamente a sa\u00fade das comunidades. Este programa, focado em empreendedores sociais africanos, procura identificar e apoiar iniciativas que ofere\u00e7am solu\u00e7\u00f5es escal\u00e1veis e sustent\u00e1veis para os desafios de sa\u00fade mais prementes do continente. Para Cabo Verde, um pa\u00eds em r\u00e1pido desenvolvimento e com um forte compromisso com o bem-estar da sua popula\u00e7\u00e3o, esta \u00e9 uma plataforma ideal para que as suas empresas sociais de sa\u00fade flores\u00e7am e alcancem novos patamares.<\/p>\n\n\n\n<p class=\"wp-block-paragraph\">A sa\u00fade em Cabo Verde, tal como em muitas na\u00e7\u00f5es africanas, beneficia de abordagens inovadoras e adaptadas \u00e0s realidades locais. O MORE HEALTH For Africa n\u00e3o se limita a fornecer financiamento; oferece tamb\u00e9m um ecossistema de suporte que inclui mentoria, forma\u00e7\u00e3o e acesso a redes de contactos valiosas. Este apoio abrangente \u00e9 crucial para que as empresas sociais n\u00e3o s\u00f3 sobrevivam, mas prosperem, transformando as suas ideias em solu\u00e7\u00f5es duradouras e de grande alcance.<\/p>\n\n\n\n<p class=\"wp-block-paragraph\">As empresas sociais cabo-verdianas, com a sua capacidade de inovar e de se adaptar a contextos espec\u00edficos, est\u00e3o em excelente posi\u00e7\u00e3o para tirar partido deste programa. Quer se trate de solu\u00e7\u00f5es tecnol\u00f3gicas para a telemedicina, projetos de acesso a medicamentos, programas de educa\u00e7\u00e3o para a sa\u00fade ou iniciativas de saneamento e higiene, o MORE HEALTH For Africa procura propostas que demonstrem criatividade, impacto social e um modelo de neg\u00f3cio sustent\u00e1vel.<\/p>\n\n\n\n<p class=\"wp-block-paragraph\">A participa\u00e7\u00e3o neste programa pode significar um salto qualitativo para as empresas sociais cabo-verdianas, permitindo-lhes expandir as suas opera\u00e7\u00f5es, aumentar o seu impacto e contribuir de forma mais significativa para a melhoria da sa\u00fade p\u00fablica no arquip\u00e9lago. \u00c9 uma oportunidade para que as vis\u00f5es empreendedoras se tornem realidades capazes de transformar vidas e de construir um futuro mais saud\u00e1vel para todos.<\/p>\n\n\n\n<p class=\"wp-block-paragraph\">As candidaturas para o Programa MORE HEALTH For Africa encerram a <strong>10 September 2026<\/strong>. N\u00e3o perca esta oportunidade de fazer a diferen\u00e7a. Para submeter a sua proposta e saber mais detalhes sobre os crit\u00e9rios de elegibilidade e o processo de candidatura, visite:<\/p>\n\n\n\n<ul class=\"wp-block-list\">\n<li><strong>General information:<\/strong> <a href=\"https:\/\/www.opportunitiesforafricans.com\/more-health-for-africa-program-2027-for-african-social-entrepreneurs\/\">https:\/\/www.opportunitiesforafricans.com\/more-health-for-africa-program-2027-for-african-social-entrepreneurs\/<\/a><\/li>\n\n\n\n<li><strong>Link direto para aplica\u00e7\u00e3o:<\/strong> <a href=\"https:\/\/app.babele.co\/application-definition\/1012\">https:\/\/app.babele.co\/application-definition\/1012<\/a><\/li>\n<\/ul>","protected":false},"excerpt":{"rendered":"<p>O programa MORE HEALTH For Africa \u00e9 uma oportunidade de ouro para as **empresas sociais cabo-verdianas** que desejam impulsionar o seu impacto na sa\u00fade e prosperar. Descubra como este apoio abrangente pode levar a sua iniciativa a novos patamares e transformar vidas.<\/p>","protected":false},"author":1,"featured_media":17437,"comment_status":"closed","ping_status":"closed","sticky":false,"template":"","format":"standard","meta":{"_jetpack_newsletter_access":"","_jetpack_dont_email_post_to_subs":false,"_jetpack_newsletter_tier_id":0,"_jetpack_memberships_contains_paywalled_content":false,"_jetpack_feature_clip_id":0,"_jetpack_memberships_contains_paid_content":false,"footnotes":"","jetpack_post_was_ever_published":false},"categories":[5],"tags":[367,402,760,757,28,49,4461,45,4462,4255],"class_list":["post-17438","post","type-post","status-publish","format-standard","has-post-thumbnail","hentry","category-bolsas-e-fundos","tag-cabo-verde","tag-desenvolvimento-sustentavel","tag-empreendedorismo-social","tag-empresas-sociais","tag-impacto-social","tag-inovacao","tag-more-health-africa","tag-saude","tag-solucoes-de-saude","tag-telemedicina"],"jetpack_sharing_enabled":true,"jetpack_featured_media_url":"https:\/\/i0.wp.com\/wecare.center\/wp-content\/uploads\/2026\/09\/empresas-sociais-cabo-verdianas-1788276993.jpeg?fit=1880%2C1253&ssl=1","_links":{"self":[{"href":"https:\/\/wecare.center\/en\/wp-json\/wp\/v2\/posts\/17438","targetHints":{"allow":["GET"]}}],"collection":[{"href":"https:\/\/wecare.center\/en\/wp-json\/wp\/v2\/posts"}],"about":[{"href":"https:\/\/wecare.center\/en\/wp-json\/wp\/v2\/types\/post"}],"author":[{"embeddable":true,"href":"https:\/\/wecare.center\/en\/wp-json\/wp\/v2\/users\/1"}],"replies":[{"embeddable":true,"href":"https:\/\/wecare.center\/en\/wp-json\/wp\/v2\/comments?post=17438"}],"version-history":[{"count":1,"href":"https:\/\/wecare.center\/en\/wp-json\/wp\/v2\/posts\/17438\/revisions"}],"predecessor-version":[{"id":17439,"href":"https:\/\/wecare.center\/en\/wp-json\/wp\/v2\/posts\/17438\/revisions\/17439"}],"wp:featuredmedia":[{"embeddable":true,"href":"https:\/\/wecare.center\/en\/wp-json\/wp\/v2\/media\/17437"}],"wp:attachment":[{"href":"https:\/\/wecare.center\/en\/wp-json\/wp\/v2\/media?parent=17438"}],"wp:term":[{"taxonomy":"category","embeddable":true,"href":"https:\/\/wecare.center\/en\/wp-json\/wp\/v2\/categories?post=17438"},{"taxonomy":"post_tag","embeddable":true,"href":"https:\/\/wecare.center\/en\/wp-json\/wp\/v2\/tags?post=17438"}],"curies":[{"name":"wp","href":"https:\/\/api.w.org\/{rel}","templated":true}]}}