{"id":16310,"date":"2026-05-01T11:45:38","date_gmt":"2026-05-01T12:45:38","guid":{"rendered":"https:\/\/wecare.center\/?p=16310"},"modified":"2026-05-01T11:45:38","modified_gmt":"2026-05-01T12:45:38","slug":"democracia-2026-iniciativas-imperdiveis","status":"publish","type":"post","link":"https:\/\/wecare.center\/en\/bolsas-e-fundos\/democracia-2026-iniciativas-imperdiveis\/","title":{"rendered":"Democracy 2026: Unmissable Initiatives!"},"content":{"rendered":"<p><strong>F\u00f3rum Mundial para a Democracia 2026 \u2013 Chamada de Iniciativas<\/strong><\/p>\n<p>O <strong>F\u00f3rum Mundial para a Democracia 2026 \u2013 Chamada de Iniciativas<\/strong> surge como um farol de esperan\u00e7a e uma plataforma crucial para a revitaliza\u00e7\u00e3o e o fortalecimento das pr\u00e1ticas democr\u00e1ticas a n\u00edvel global. Cabo Verde, com a sua rica hist\u00f3ria de transi\u00e7\u00e3o pac\u00edfica para a democracia e o seu compromisso cont\u00ednuo com os valores democr\u00e1ticos, est\u00e1 idealmente posicionado para acolher e contribuir significativamente para este evento transformador. Este f\u00f3rum representa uma oportunidade \u00edmpar para a troca de experi\u00eancias, a partilha de boas pr\u00e1ticas e a cocria\u00e7\u00e3o de solu\u00e7\u00f5es inovadoras para os desafios prementes que as democracias de todo o mundo enfrentam hoje em dia, desde a desinforma\u00e7\u00e3o e a polariza\u00e7\u00e3o at\u00e9 \u00e0 inclus\u00e3o social e econ\u00f3mica.<\/p>\n<p>A ilha, conhecida pela sua resili\u00eancia e pela sua vibrante sociedade civil, tem muito a oferecer a este di\u00e1logo global. A participa\u00e7\u00e3o ativa de Cabo Verde no F\u00f3rum Mundial para a Democracia n\u00e3o s\u00f3 sublinhar\u00e1 os seus pr\u00f3prios avan\u00e7os democr\u00e1ticos, mas tamb\u00e9m permitir\u00e1 que delegados internacionais aprendam com o seu modelo de governa\u00e7\u00e3o participativa e de constru\u00e7\u00e3o de consenso. Estamos a preparar uma s\u00e9rie de iniciativas que refletem a diversidade e a singularidade do arquip\u00e9lago, focando em como as pequenas na\u00e7\u00f5es insulares podem ser pioneiras em solu\u00e7\u00f5es democr\u00e1ticas adaptadas e sustent\u00e1veis. Estas iniciativas visam inspirar e capacitar, demonstrando que a democracia \u00e9 um processo din\u00e2mico e adapt\u00e1vel a diferentes contextos.<\/p>\n<p>O objetivo principal deste apelo \u00e9 identificar e apoiar projetos concretos que promovam a inova\u00e7\u00e3o democr\u00e1tica. Incentivamos a submiss\u00e3o de propostas que abordem a import\u00e2ncia da educa\u00e7\u00e3o c\u00edvica, o papel das novas tecnologias na participa\u00e7\u00e3o cidad\u00e3, a necessidade de refor\u00e7ar as institui\u00e7\u00f5es democr\u00e1ticas e a luta contra a exclus\u00e3o e a desigualdade. Acreditamos que a diversidade de perspetivas e a colabora\u00e7\u00e3o internacional s\u00e3o essenciais para moldar um futuro democr\u00e1tico mais justo e equitativo. A escolha de Cabo Verde como anfitri\u00e3o para esta chamada de iniciativas n\u00e3o \u00e9 fortuita; reflete o reconhecimento internacional do seu percurso e do seu potencial em inspirar outras na\u00e7\u00f5es.<\/p>\n<p>O processo de candidatura est\u00e1 aberto e convidamos organiza\u00e7\u00f5es da sociedade civil, investigadores, decisores pol\u00edticos e ativistas de todo o mundo a apresentarem as suas propostas. Acreditamos que juntos podemos construir um F\u00f3rum Mundial para a Democracia 2026 verdadeiramente impactante, capaz de gerar mudan\u00e7as positivas e duradouras. Este \u00e9 um momento para agir, inovar e reafirmar o nosso compromisso com os ideais democr\u00e1ticos que nos unem.<\/p>\n<p>Applications must be submitted by <strong>May 31, 2026<\/strong>.<\/p>\n<p>Para mais informa\u00e7\u00f5es e para submeter a sua iniciativa, visite:\u00a0<a href=\"https:\/\/www.coe.int\/en\/web\/world-forum-democracy\">https:\/\/www.coe.int\/en\/web\/world-forum-democracy<\/a><\/p>","protected":false},"excerpt":{"rendered":"<p>Are you ready for an essential conversation about the future of democracy? Join us at the **Democracy 2026 Forum** and discover innovative initiatives that are shaping our world.<\/p>","protected":false},"author":1,"featured_media":16311,"comment_status":"closed","ping_status":"closed","sticky":false,"template":"","format":"standard","meta":{"_jetpack_memberships_contains_paid_content":false,"footnotes":""},"categories":[5],"tags":[3351,3349,3354,3355,3350,3356,3352,3353,1093],"class_list":["post-16310","post","type-post","status-publish","format-standard","has-post-thumbnail","hentry","category-bolsas-e-fundos","tag-cabo-verde-democracia","tag-democracia-2026","tag-educacao-civica","tag-fortalecimento-democratico","tag-forum-mundial-democracia","tag-governacao-participativa","tag-iniciativas-democraticas","tag-inovacao-democratica","tag-participacao-cidada"],"jetpack_featured_media_url":"https:\/\/i0.wp.com\/wecare.center\/wp-content\/uploads\/2026\/05\/pexels-photo-6899153.jpeg?fit=867%2C1300&ssl=1","jetpack_sharing_enabled":true,"_links":{"self":[{"href":"https:\/\/wecare.center\/en\/wp-json\/wp\/v2\/posts\/16310","targetHints":{"allow":["GET"]}}],"collection":[{"href":"https:\/\/wecare.center\/en\/wp-json\/wp\/v2\/posts"}],"about":[{"href":"https:\/\/wecare.center\/en\/wp-json\/wp\/v2\/types\/post"}],"author":[{"embeddable":true,"href":"https:\/\/wecare.center\/en\/wp-json\/wp\/v2\/users\/1"}],"replies":[{"embeddable":true,"href":"https:\/\/wecare.center\/en\/wp-json\/wp\/v2\/comments?post=16310"}],"version-history":[{"count":1,"href":"https:\/\/wecare.center\/en\/wp-json\/wp\/v2\/posts\/16310\/revisions"}],"predecessor-version":[{"id":16312,"href":"https:\/\/wecare.center\/en\/wp-json\/wp\/v2\/posts\/16310\/revisions\/16312"}],"wp:featuredmedia":[{"embeddable":true,"href":"https:\/\/wecare.center\/en\/wp-json\/wp\/v2\/media\/16311"}],"wp:attachment":[{"href":"https:\/\/wecare.center\/en\/wp-json\/wp\/v2\/media?parent=16310"}],"wp:term":[{"taxonomy":"category","embeddable":true,"href":"https:\/\/wecare.center\/en\/wp-json\/wp\/v2\/categories?post=16310"},{"taxonomy":"post_tag","embeddable":true,"href":"https:\/\/wecare.center\/en\/wp-json\/wp\/v2\/tags?post=16310"}],"curies":[{"name":"wp","href":"https:\/\/api.w.org\/{rel}","templated":true}]}}