{"id":14682,"date":"2025-10-13T18:14:40","date_gmt":"2025-10-13T19:14:40","guid":{"rendered":"https:\/\/wecare.center\/bolsas-e-fundos\/arrancou-hoje-o-bootcamp-comunidade365-em-sao-vicente\/"},"modified":"2025-10-13T18:14:40","modified_gmt":"2025-10-13T19:14:40","slug":"arrancou-hoje-o-bootcamp-comunidade365-em-sao-vicente","status":"publish","type":"post","link":"https:\/\/wecare.center\/en\/noticias\/arrancou-hoje-o-bootcamp-comunidade365-em-sao-vicente\/","title":{"rendered":"Community365 bootcamp kicks off today in S\u00e3o Vicente"},"content":{"rendered":"<p>The second edition of the Community365 Bootcamp has begun at the Faculty of Education and Sports of the University of Cape Verde \u2013 Mindelo \u2014 a transformative journey of learning, sharing and empowerment aimed at young people, community leaders and social entrepreneurs.<\/p>\n\n\n\n<p>Comunidade365 was implemented by the Cape Verdean Olympic Committee, through its Olympic Academy, and is managed by WeCare, aiming to strengthen skills, stimulate leadership, and promote impactful sports projects in local communities.<\/p>\n\n\n\n<p>To further enrich this experience, the Comunidade365 bootcamp in S\u00e3o Vicente features leading mentors in their respective fields, who will share knowledge, best practices, and inspiring stories.<\/p>\n\n\n\n<p><strong>Maria Eduarda Vasconcelos<\/strong><br>President of the Gymnastics Association of S\u00e3o Vicente and Vice-President of the Olympic Academy of Cape Verde. He leads the MINDELGINA club and stands out in the promotion of sport, youth empowerment and cultural enhancement through excellent sports management.<\/p>\n\n\n\n<p><strong>Diva Gomes<\/strong><br>Organizational psychologist and business coach with extensive experience in leadership and entrepreneurship. She is an alumna of international networks such as Global Shapers, YALI, and the Young African Leaders Initiative. Founder and coordinator of several events related to entrepreneurship.<\/p>\n\n\n\n<p><strong>Am\u00edlcar Gra\u00e7a<\/strong><br>Sports activist with a strong track record in social inclusion projects through sport. A true community mobilizer, advocate for active citizenship and the power of sport as a tool for transformation.<\/p>\n\n\n\n<p>Stay tuned to our social media channels to follow the highlights of this journey!<\/p>\n\n\n\n<p><\/p>","protected":false},"excerpt":{"rendered":"<p>Iniciou a segunda edi\u00e7\u00e3o do Bootcamp Comunidade365, na Faculdade de Educa\u00e7\u00e3o e Desporto da Universidade de Cabo Verde &#8211; Mindelo \u2014 uma jornada transformadora de aprendizagem,<\/p>","protected":false},"author":4,"featured_media":0,"comment_status":"closed","ping_status":"closed","sticky":false,"template":"","format":"standard","meta":{"_jetpack_memberships_contains_paid_content":false,"footnotes":""},"categories":[1],"tags":[],"class_list":["post-14682","post","type-post","status-publish","format-standard","hentry","category-noticias"],"jetpack_featured_media_url":"","jetpack_sharing_enabled":true,"_links":{"self":[{"href":"https:\/\/wecare.center\/en\/wp-json\/wp\/v2\/posts\/14682","targetHints":{"allow":["GET"]}}],"collection":[{"href":"https:\/\/wecare.center\/en\/wp-json\/wp\/v2\/posts"}],"about":[{"href":"https:\/\/wecare.center\/en\/wp-json\/wp\/v2\/types\/post"}],"author":[{"embeddable":true,"href":"https:\/\/wecare.center\/en\/wp-json\/wp\/v2\/users\/4"}],"replies":[{"embeddable":true,"href":"https:\/\/wecare.center\/en\/wp-json\/wp\/v2\/comments?post=14682"}],"version-history":[{"count":0,"href":"https:\/\/wecare.center\/en\/wp-json\/wp\/v2\/posts\/14682\/revisions"}],"wp:attachment":[{"href":"https:\/\/wecare.center\/en\/wp-json\/wp\/v2\/media?parent=14682"}],"wp:term":[{"taxonomy":"category","embeddable":true,"href":"https:\/\/wecare.center\/en\/wp-json\/wp\/v2\/categories?post=14682"},{"taxonomy":"post_tag","embeddable":true,"href":"https:\/\/wecare.center\/en\/wp-json\/wp\/v2\/tags?post=14682"}],"curies":[{"name":"wp","href":"https:\/\/api.w.org\/{rel}","templated":true}]}}