{"id":1110,"date":"2020-11-13T17:03:23","date_gmt":"2020-11-13T18:03:23","guid":{"rendered":"http:\/\/wecare.center\/?p=1110"},"modified":"2020-11-13T17:03:26","modified_gmt":"2020-11-13T18:03:26","slug":"instituto-nova-terra-anuncia-treinamento-de-lideranca-integrativa-do-emerge-2021-financiamento-disponivel","status":"publish","type":"post","link":"https:\/\/wecare.center\/en\/bolsas-e-fundos\/instituto-nova-terra-anuncia-treinamento-de-lideranca-integrativa-do-emerge-2021-financiamento-disponivel\/","title":{"rendered":"New Earth Institute announces EMERGE 2021 integrative leadership training (funding available)"},"content":{"rendered":"<p>The Nova Terra Institute is excited to announce our three-month coaching program, EMERGE: Integrative Leadership for Social Impact and Cultural Change, starting in January 2021.<\/p>\n\n\n\n<p>Our immersive retreat is for social change leaders who are passionate about building initiatives for their communities and the planet: those who are not afraid to be spiritual and practical, vulnerable and powerful, unapologetic and compassionate \u2013 who embrace difference in pursuit of common ground and foster interconnectedness amidst an epidemic of social displacement.<\/p>\n\n\n\n<p>What we are offering:<\/p>\n\n\n\n<p>Eight people, surrounded by nature.<\/p>\n\n\n\n<p>Following their dream projects,<\/p>\n\n\n\n<p>And creating the change the world needs.<\/p>\n\n\n\n<p>This live-in program strikes a balance between being a regenerative retreat, a transformative leadership training experience, and an incubator for the next evolution of your work. Participants will spend three months living at the NEI Center on Bowen Island, BC, surrounded by mountains and forests, and will participate in a suite of learning experiences with our diverse team of leaders and experts, including\u2026<\/p>\n\n\n\n<p>Earth-based education,<br>Leadership training,<br>Business plan development,<br>Insights from developmental psychology,<br>Individual and group therapy.<br>Yoga and meditation,<br>Teachings of wisdom,<br>Walk in nature,<br>Internal work, and more<br>We are looking for eight participants for the January 2021 program.<\/p>\n\n\n\n<p>Ask yourself:<\/p>\n\n\n\n<p>Are you passionate about building vibrant, connected, and meaningful communities?&nbsp;<\/p>\n\n\n\n<p>Do you want to create common ground in a diverse and fractured world?<\/p>\n\n\n\n<p>Does the future of people and the planet keep you awake at night?&nbsp;<\/p>\n\n\n\n<p>If you answered &#039;yes&#039; to these questions and are looking for a completely unique and regenerative space to work on yourself and gain clarity about your purpose, APPLY NOW or learn more on our Training Program page.<\/p>\n\n\n\n<p><a href=\"https:\/\/www.newearthinstitute.com\/trainings\">https:\/\/www.newearthinstitute.com\/trainings<\/a><\/p>","protected":false},"excerpt":{"rendered":"<p>O Instituto Nova Terra est\u00e1 entusiasmado em anunciar nosso programa de coaching de tr\u00eas meses, EMERGE: Lideran\u00e7a Integrativa para Impacto Social e Mudan\u00e7a Cultural, a partir de janeiro de 2021. Nosso recuo imersivo \u00e9 para l\u00edderes de mudan\u00e7a social que s\u00e3o apaixonados por construir iniciativas para suas comunidades e para o planeta: aqueles que n\u00e3o [&hellip;]<\/p>","protected":false},"author":1,"featured_media":1111,"comment_status":"closed","ping_status":"closed","sticky":false,"template":"","format":"standard","meta":{"_jetpack_memberships_contains_paid_content":false,"footnotes":""},"categories":[5],"tags":[98,15,111,6],"class_list":["post-1110","post","type-post","status-publish","format-standard","has-post-thumbnail","hentry","category-bolsas-e-fundos","tag-ambiente","tag-juventude","tag-transformacao","tag-treino"],"jetpack_featured_media_url":"https:\/\/i0.wp.com\/wecare.center\/wp-content\/uploads\/2020\/11\/2-2.jpg?fit=1589%2C389&ssl=1","jetpack_sharing_enabled":true,"_links":{"self":[{"href":"https:\/\/wecare.center\/en\/wp-json\/wp\/v2\/posts\/1110","targetHints":{"allow":["GET"]}}],"collection":[{"href":"https:\/\/wecare.center\/en\/wp-json\/wp\/v2\/posts"}],"about":[{"href":"https:\/\/wecare.center\/en\/wp-json\/wp\/v2\/types\/post"}],"author":[{"embeddable":true,"href":"https:\/\/wecare.center\/en\/wp-json\/wp\/v2\/users\/1"}],"replies":[{"embeddable":true,"href":"https:\/\/wecare.center\/en\/wp-json\/wp\/v2\/comments?post=1110"}],"version-history":[{"count":1,"href":"https:\/\/wecare.center\/en\/wp-json\/wp\/v2\/posts\/1110\/revisions"}],"predecessor-version":[{"id":1112,"href":"https:\/\/wecare.center\/en\/wp-json\/wp\/v2\/posts\/1110\/revisions\/1112"}],"wp:featuredmedia":[{"embeddable":true,"href":"https:\/\/wecare.center\/en\/wp-json\/wp\/v2\/media\/1111"}],"wp:attachment":[{"href":"https:\/\/wecare.center\/en\/wp-json\/wp\/v2\/media?parent=1110"}],"wp:term":[{"taxonomy":"category","embeddable":true,"href":"https:\/\/wecare.center\/en\/wp-json\/wp\/v2\/categories?post=1110"},{"taxonomy":"post_tag","embeddable":true,"href":"https:\/\/wecare.center\/en\/wp-json\/wp\/v2\/tags?post=1110"}],"curies":[{"name":"wp","href":"https:\/\/api.w.org\/{rel}","templated":true}]}}